{"id":2536,"date":"2021-10-09T03:28:05","date_gmt":"2021-10-09T01:28:05","guid":{"rendered":"https:\/\/consumers-views.com\/sk\/?p=2536"},"modified":"2021-10-25T13:16:18","modified_gmt":"2021-10-25T11:16:18","slug":"mezoterapia-vlasov","status":"publish","type":"post","link":"https:\/\/consumers-views.com\/sk\/mezoterapia-vlasov\/","title":{"rendered":"Mezoterapia vlasov &#8211; n\u00e1zory, \u00fa\u010dinky a postup"},"content":{"rendered":"\n<p>Ke\u010f si jedn\u00e9ho d\u0148a pred zrkadlom v\u0161imneme, \u017ee n\u00e1m za\u010d\u00ednaj\u00fa vo <strong>ve\u013ekom<\/strong> vypad\u00e1va\u0165 vlasy, na\u0161ou prvou reakciou na tento jav je zvy\u010dajne panika. V tejto situ\u00e1cii v\u0161ak stoj\u00ed za to zachova\u0165 pokoj, \u010do pom\u00f4\u017ee nielen spr\u00e1vne <strong>identifikova\u0165 pr\u00ed\u010diny<\/strong> tohto zr\u00fdchlen\u00e9ho ple\u0161atenia, ale predov\u0161etk\u00fdm n\u00e1js\u0165<strong> \u00fa\u010dinn\u00fd sp\u00f4sob <\/strong>prevencie. Na\u0161\u0165astie ich je ve\u013ea, od vhodne zvolenej kozmetiky cez tabletky proti vypad\u00e1vaniu vlasov a\u017e po invaz\u00edvnej\u0161ie z\u00e1kroky. V extr\u00e9mnych pr\u00edpadoch m\u00f4\u017ee \u00eds\u0165 dokonca o chirurgick\u00fa transplant\u00e1ciu vlasov, ale vo v\u00e4\u010d\u0161ine pr\u00edpadov sta\u010d\u00ed na zastavenie procesu vypad\u00e1vania vlasov <strong>ihli\u010dkov\u00e1 mezoterapia poko\u017eky hlavy<\/strong>.<\/p>\n\n\n\n<h2 class=\"wp-block-heading\">Pre\u010do vlasy zrazu za\u010dn\u00fa vypad\u00e1va\u0165?<\/h2>\n\n\n\n<div class=\"wp-block-image\"><figure class=\"alignright size-large is-resized\"><figure id=\"\" class=\"alignnone width-full\" style=\"width: 500px;\"><img loading=\"lazy\" decoding=\"async\" data-caption=\"\" src=\"https:\/\/consumers-views.com\/sk\/wp-content\/uploads\/2021\/10\/Depositphotos_60727201_s-2019.webp\" alt=\" vypad\u00e1vanie vlasov u \u017eeny\" width=\"500\" height=\"334\" title=\"\"><\/figure><\/figure><\/div>\n\n\n\n<p>Sk\u00f4r ako si v\u0161ak podrobnej\u0161ie predstav\u00edme, <strong>\u010do je<\/strong> postup ihlovej mezoterapie a ak\u00e9 priazniv\u00e9 \u00fa\u010dinky prin\u00e1\u0161a, mali by sme <strong>sa<\/strong> najprv <strong>dozvedie\u0165 viac<\/strong> o pr\u00ed\u010din\u00e1ch nadmern\u00e9ho a r\u00fdchleho vypad\u00e1vania vlasov. Je mo\u017en\u00e9 ich diagnostikova\u0165 sami, hoci je lep\u0161ie obr\u00e1ti\u0165 sa na <strong>\u0161pecialistu<\/strong>, dermatol\u00f3ga alebo odborn\u00edka. <strong>trychol\u00f3g <\/strong>. Ak si v\u0161ak v\u0161imnete v\u00fdrazn\u00e9 rednutie vlasov, mali by ste zv\u00e1\u017ei\u0165, \u010di je to sp\u00f4soben\u00e9 napr\u00edklad:<\/p>\n\n\n\n<h3 class=\"wp-block-heading\">Chyby v ka\u017edodennej starostlivosti o vlasy a poko\u017eku hlavy<\/h3>\n\n\n\n<p>Jednou z naj\u010dastej\u0161\u00edch pr\u00ed\u010din vypad\u00e1vania vlasov, <strong>za<\/strong> ktor\u00e9 sme naj\u010dastej\u0161ie <strong>vinn\u00ed<\/strong>, je zanedb\u00e1vanie ka\u017edodenn\u00e9ho \u010distenia vlasov a poko\u017eky hlavy alebo nespr\u00e1vny v\u00fdber kozmetiky na tento \u00fa\u010del. Pou\u017e\u00edvame \u0161amp\u00f3ny a kondicion\u00e9ry pln\u00e9 <strong>\u0161kodliv\u00fdch l\u00e1tok<\/strong>, karcinog\u00e9nnych <strong>parab\u00e9nov<\/strong>, <strong>silik\u00f3nov,<\/strong> ktor\u00e9 za\u0165a\u017euj\u00fa vlasy, a <strong>SLS<\/strong>, chemick\u00fdch zl\u00fa\u010den\u00edn, ktor\u00e9 m\u00f4\u017eu sp\u00f4sobi\u0165 z\u00e1pal vlasov\u00fdch folikulov.<\/p>\n\n\n\n<p>\u010ealej je to <strong>nadmern\u00e9 pou\u017e\u00edvanie <\/strong>f\u00e9nov, kuliem a \u017eehli\u010diek na vlasy, pr\u00edli\u0161 pevn\u00e9 zv\u00e4zovanie vlasov gumi\u010dkou alebo um\u00fdvanie vlasov v pr\u00edli\u0161 hor\u00facej vode. N\u00e1sledky tak\u00e9hoto zanedb\u00e1vania sa prejavia <strong>ve\u013emi r\u00fdchlo<\/strong>, vlasov\u00e9 cibu\u013eky a vlasov\u00e9 folikuly s\u00fa oslaben\u00e9 a samotn\u00e9 vlasy s\u00fa matn\u00e9, krehk\u00e9, l\u00e1mav\u00e9 a za\u010d\u00ednaj\u00fa vypad\u00e1va\u0165.<\/p>\n\n\n\n<h3 class=\"wp-block-heading\">Zl\u00e9 zlo\u017eenie stravy a nedostatky vo v\u00fd\u017eive<\/h3>\n\n\n\n<p>To, \u010do jeme, nie je zodpovedn\u00e9 len za mo\u017en\u00e9 zastavenie rozvoja nadv\u00e1hy alebo obezity, ale aj za zdravie na\u0161ich <strong>vlasov a poko\u017eky hlavy<\/strong>. Rovnako ako zvy\u0161ok tela, aj vlasy <strong>a<\/strong> poko\u017eka hlavy potrebuj\u00fa spr\u00e1vne d\u00e1vky \u017eiv\u00edn, <strong>vitam\u00ednov a miner\u00e1lov<\/strong>, ktor\u00e9, bohu\u017eia\u013e, v na\u0161ej ka\u017edodennej strave \u010dasto ch\u00fdbaj\u00fa. <\/p>\n\n\n\n<p>Ak chcete zastavi\u0165 proces ple\u0161atenia a vytvori\u0165 priazniv\u00e9 prostredie pre rast nov\u00fdch, silnej\u0161\u00edch vlasov, je vhodn\u00e9 vzda\u0165 sa <strong>nezdrav\u00fdch a tu\u010dn\u00fdch<\/strong> potrav\u00edn. Namiesto r\u00fdchleho ob\u010derstvenia alebo vysoko spracovan\u00fdch potrav\u00edn by ste napr\u00edklad mali konzumova\u0165 produkty pln\u00e9 <strong>prospe\u0161n\u00fdch zlo\u017eiek<\/strong>:<\/p>\n\n\n\n<ul class=\"wp-block-list\"><li>Vitam\u00edn A, ktor\u00fd p\u00f4sob\u00ed proti l\u00e1mavosti a krehkosti vlasov;<\/li><li>vitam\u00edny skupiny B, ktor\u00e9 s\u00fa okrem in\u00e9ho zodpovedn\u00e9 za prevenciu mastnej poko\u017eky hlavy regul\u00e1ciou mazov\u00fdch \u017eliaz, prevenciu \u0161edivenia a udr\u017eiavanie prirodzenej farby vlasov, z ktor\u00fdch najd\u00f4le\u017eitej\u0161\u00ed je vitam\u00edn B7, t. j. biot\u00edn<\/li><li>vitam\u00edn C, ktor\u00fd sa podie\u013ea na tvorbe kolag\u00e9nu, jedn\u00e9ho zo stavebn\u00fdch materi\u00e1lov vlasov, siln\u00fd antioxidant odstra\u0148uj\u00faci z tela patog\u00e9nne vo\u013en\u00e9 radik\u00e1ly<\/li><li>vitam\u00edn E, ktor\u00fd zabra\u0148uje \u0161tiepeniu kon\u010dekov;<\/li><li>miner\u00e1ly, najm\u00e4 zinok a krem\u00edk, bez ktor\u00fdch nie je mo\u017en\u00e9 zastavi\u0165 ple\u0161atenie, brzdia prirodzen\u00e9 procesy starnutia poko\u017eky, spr\u00e1vnu synt\u00e9zu kerat\u00ednu a kolag\u00e9nu a odolnos\u0165 vlasov vo\u010di poveternostn\u00fdm podmienkam a mechanick\u00e9mu po\u0161kodeniu.<\/li><\/ul>\n\n\n\n<h3 class=\"wp-block-heading\">Koexistuj\u00face ochorenia, ktor\u00e9 \u010dasto zost\u00e1vaj\u00fa nezisten\u00e9<\/h3>\n\n\n\n<p>Chorobn\u00e9 stavy vyv\u00edjaj\u00face sa v organizme, ktor\u00e9 \u010dasto <strong>zost\u00e1vaj\u00fa neodhalen\u00e9<\/strong> a\u017e do objavenia sa<strong> jasn\u00fdch pr\u00edznakov<\/strong>, a v pr\u00edpade mnoh\u00fdch je to pr\u00e1ve <strong>nadmern\u00e9 a zr\u00fdchlen\u00e9<\/strong> vypad\u00e1vanie vlasov. Pr\u00ed\u010dinou s\u00fa stavy, ako je hyper- alebo hypotyre\u00f3za, choroba Hashimoto, ochorenia tr\u00e1viaceho syst\u00e9mu a srdca a obehov\u00e9ho syst\u00e9mu. Pozor si treba da\u0165 aj na stres, ktor\u00fd sp\u00f4sobuje v organizme <strong>skuto\u010dn\u00fa sp\u00fa\u0161\u0165,<\/strong> prejavuj\u00facu sa aj ochabnut\u00edm vlasov a ich vypad\u00e1van\u00edm, ako aj rakovinou, okrem in\u00e9ho rakovinou ko\u017ee.<\/p>\n\n\n\n<p>Ple\u0161atos\u0165 sp\u00f4sobuj\u00fa aj <strong>in\u00e9 ko\u017en\u00e9 ochorenia<\/strong>, bakteri\u00e1lne a ples\u0148ov\u00e9 infekcie a hormon\u00e1lne poruchy. T\u00e1 zvy\u010dajne zah\u0155\u0148a premenu pohlavn\u00e9ho horm\u00f3nu testoster\u00f3nu na jeho \u0161kodliv\u00fa formu, <strong>dihydrotestoster\u00f3n<\/strong>, skr\u00e1tene <strong>DHT<\/strong>. Nadbytok DHT vedie k po\u0161kodeniu a dokonca k nezvratn\u00e9mu zni\u010deniu vlasov\u00fdch folikulov, \u010do sa okrem in\u00e9ho st\u00e1va pr\u00ed\u010dinou vzniku <strong>androg\u00e9nnej alop\u00e9cie<\/strong>.<\/p>\n\n\n\n<h2 class=\"wp-block-heading\">Ihli\u010dkov\u00e1 mezoterapia poko\u017eky hlavy &#8211; \u010do je to lie\u010dba<\/h2>\n\n\n\n<div class=\"wp-block-image\"><figure class=\"alignright size-large is-resized\"><figure id=\"\" class=\"alignnone width-full\" style=\"width: 500px;\"><img loading=\"lazy\" decoding=\"async\" data-caption=\"\" src=\"https:\/\/consumers-views.com\/sk\/wp-content\/uploads\/2021\/10\/Depositphotos_150324628_s-2019.webp\" alt=\" ihli\u010dkov\u00e1 mezoterapia poko\u017eky hlavy\" width=\"500\" height=\"334\" title=\"\"><\/figure><\/figure><\/div>\n\n\n\n<p>Po diagnostikovan\u00ed pr\u00ed\u010din vypad\u00e1vania vlasov je \u010das zisti\u0165, \u010do presne je ihli\u010dkov\u00e1 <strong>mezoterapia<\/strong> poko\u017eky hlavy, pre\u010do je tak\u00e1 popul\u00e1rna a ak\u00e9 konkr\u00e9tne v\u00fdhody prin\u00e1\u0161a. Je to jedna z <strong>naj\u00fa\u010dinnej\u0161\u00edch met\u00f3d<\/strong> prevencie ple\u0161atosti a r\u00f4znych ko\u017en\u00fdch ochoren\u00ed, a to nielen hlavy.<\/p>\n\n\n\n<p>O\u0161etrenie ihlovou mezoterapiou patr\u00ed do tzv. <strong>estetickej medic\u00edny<\/strong> a vykon\u00e1va sa na tak\u00fdchto klinik\u00e1ch. Spo\u010d\u00edva v tom <strong>, \u017ee<\/strong> sa do postihnut\u00fdch oblast\u00ed, v tomto pr\u00edpade bezvl\u00e1skov\u00fdch oblast\u00ed, <strong>injek\u010dne aplikuj\u00fa<\/strong> lie\u010div\u00e9 l\u00e1tky a l\u00e1tky podporuj\u00face rast nov\u00fdch vlasov, ktor\u00e9 sa <strong>vyberaj\u00fa individu\u00e1lne<\/strong> pre ka\u017ed\u00e9ho pacienta po vykonan\u00ed pr\u00edslu\u0161n\u00fdch testov.<\/p>\n\n\n\n<h2 class=\"wp-block-heading\">Ihli\u010dkov\u00e1 mezoterapia poko\u017eky hlavy &#8211; indik\u00e1cie na lie\u010dbu<\/h2>\n\n\n\n<p>Mezoterapia vykon\u00e1van\u00e1 na klinik\u00e1ch estetickej medic\u00edny sa odpor\u00fa\u010da <strong>v\u0161etk\u00fdm pacientom,<\/strong> ktor\u00fdch probl\u00e9mom je nadmern\u00e9, \u0165a\u017eko kontrolovate\u013en\u00e9 vypad\u00e1vanie vlasov z r\u00f4znych pr\u00ed\u010din, androg\u00e9nne, plakov\u00e9 , telog\u00e9nne alebo seboroick\u00e9. Naj\u010dastej\u0161ie si ho vyberaj\u00fa \u013eudia, ktor\u00ed o\u010dak\u00e1vaj\u00fa <strong>r\u00fdchle \u00fa\u010dinky<\/strong> lie\u010dby a maj\u00fa vlasy s oslabenou \u0161trukt\u00farou, n\u00e1chyln\u00e9 na rozpad a l\u00e1manie. <\/p>\n\n\n\n<p>Preto je potrebn\u00e9 posilni\u0165 ich stav a najlep\u0161\u00edm sp\u00f4sobom, ako to urobi\u0165, je ihli\u010dkov\u00e1 mezoterapia, <strong>ktor\u00e1 dod\u00e1va<\/strong> poko\u017eke hlavy \u00fa\u010dinn\u00e9 l\u00e1tky potrebn\u00e9 nielen na zastavenie ple\u0161atosti, ale aj na vytvorenie prostredia priazniv\u00e9ho pre rast nov\u00fdch vlasov. Ide najm\u00e4 o vy\u0161\u0161ie uveden\u00e9 vitam\u00edny a miner\u00e1ly, podporen\u00e9 d\u00e1vkami <strong>kyseliny hyalur\u00f3novej<\/strong>, ktor\u00e1 pom\u00e1ha vyhladzova\u0165 jemn\u00e9 linky a vr\u00e1sky.<\/p>\n\n\n\n<h2 class=\"wp-block-heading\">Ihli\u010dkov\u00e1 mezoterapia poko\u017eky hlavy &#8211; kontraindik\u00e1cie jej v\u00fdkonu<\/h2>\n\n\n\n<p>Tak ako pri mnoh\u00fdch in\u00fdch met\u00f3dach prevencie vypad\u00e1vania vlasov, aj v pr\u00edpade ihlovej mezoterapie existuj\u00fa ur\u010dit\u00e9 <strong>kontraindik\u00e1cie jej pou\u017eitia<\/strong>. Ur\u010d\u00ed to <strong>\u0161pecialista, ktor\u00fd pacienta kvalifikuje na<\/strong> z\u00e1klade vy\u0161etrenia a diagnostikovan\u00e9ho typu ochorenia. Mezoterapia <strong>sa neodpor\u00fa\u010da<\/strong>pri<\/p>\n\n\n\n<ul class=\"wp-block-list\"><li>osoby mlad\u0161ie ako 16 rokov;<\/li><li>Tehotn\u00e9, doj\u010diace a men\u0161truuj\u00face \u017eeny;<\/li><li>pacientov trpiacich rakovinou, hepatit\u00eddou, epilepsiou, epilepsiou a cukrovkou;<\/li><li>v pr\u00edpade alergie na niektor\u00fa z \u00fa\u010dinn\u00fdch l\u00e1tok pou\u017eit\u00fdch pri lie\u010dbe;<\/li><li>pri u\u017e\u00edvan\u00ed niektor\u00fdch liekov, najm\u00e4 antikoagulanci\u00ed;<\/li><li>osoby so siln\u00fdmi poruchami krvnej zr\u00e1\u017eanlivosti, ktor\u00e9 m\u00f4\u017eu br\u00e1ni\u0165 hojeniu r\u00e1n regulovan\u00e9mu u\u017e\u00edvan\u00edm liekov uveden\u00fdch v predch\u00e1dzaj\u00facej podkapitole;<\/li><li>pri ak\u00fatnych z\u00e1palov\u00fdch stavoch a infekci\u00e1ch ko\u017ee v\u00edrusov\u00e9ho alebo bakteri\u00e1lneho p\u00f4vodu, ako je herpes alebo akn\u00e9 ;<\/li><li>v pr\u00edpade predispoz\u00edcie na vznik zmeny farby poko\u017eky a vidite\u013en\u00fdch jaziev.<\/li><\/ul>\n\n\n\n<p>Lie\u010dba mezoterapiou m\u00f4\u017ee sp\u00f4sobi\u0165 aj niektor\u00e9 <strong>ved\u013eaj\u0161ie \u00fa\u010dinky<\/strong>, ktor\u00e9 s\u00fa dos\u0165 nepr\u00edjemn\u00e9, ale zvy\u010dajne <strong>spont\u00e1nne zmizn\u00fa <\/strong>po nieko\u013ek\u00fdch d\u0148och a m\u00f4\u017eu by\u0165<\/p>\n\n\n\n<ul class=\"wp-block-list\"><li>za\u010dervenanie a opuch poko\u017eky hlavy;<\/li><li>drobn\u00e9 modriny a chrasty v mieste vpichu ihly.<\/li><\/ul>\n\n\n\n<p class=\"has-text-align-center has-very-light-gray-color has-luminous-vivid-orange-background-color has-text-color has-background\" style=\"font-size:24px\"><strong>POZRI PORADIE TABLIET PROTI VYPAD\u00c1VANIU VLASOV <\/strong><\/p>\n\n\n\n<h2 class=\"wp-block-heading\">Ihli\u010dkov\u00e1 mezoterapia poko\u017eky hlavy &#8211; naj\u010dastej\u0161ie pou\u017e\u00edvan\u00e9 \u00fa\u010dinn\u00e9 l\u00e1tky<\/h2>\n\n\n\n<p>Z\u00e1kladn\u00e1 l\u00e1tka, ktor\u00e1 sa po\u010das mezoterapie vstrekuje pod ko\u017eu, je <em>&#8222;koktail&#8220;<\/em> vy\u0161\u0161ie uveden\u00fdch <strong>vitam\u00ednov, kyseliny hailuronovej, obohaten\u00fd o koenz\u00fdmy, napr. Q10, nukleov\u00e9 kyseliny a aminokyseliny prospe\u0161n\u00e9 pre vlasy<\/strong>. Aplik\u00e1cia tejto zdraviu prospe\u0161nej zmesi je zameran\u00e1 na obklopenie po\u0161kodenej \u0161trukt\u00fary vlasov, jej posilnenie, v\u00fd\u017eivu po celej d\u013a\u017eke a stimul\u00e1ciu r\u00fdchleho rastu. Aby sa dosiahol \u00fapln\u00fd \u00fa\u010dinok, lie\u010dba by sa mala opakova\u0165 <strong>nieko\u013ekokr\u00e1t<\/strong> s odstupom <strong>2 &#8211; 3 <\/strong>t\u00fd\u017ed\u0148ov.<\/p>\n\n\n\n<p>Tak\u00e9to vitam\u00ednovo-miner\u00e1lne zmesi v\u0161ak <strong>nie s\u00fa jedin\u00fdmi l\u00e1tkami<\/strong> pou\u017e\u00edvan\u00fdmi v mezoterapii a e\u0161te <strong>lep\u0161ie \u00fa\u010dinky<\/strong> mo\u017eno dosiahnu\u0165 pou\u017eit\u00edm:<\/p>\n\n\n\n<h3 class=\"wp-block-heading\">Plazma bohat\u00e1 na krvn\u00e9 do\u0161ti\u010dky<\/h3>\n\n\n\n<p>Skr\u00e1tene sa naz\u00fdva <strong>PRP<\/strong>, ide o pr\u00edpravok z\u00edskan\u00fd z <strong>krvi pacienta odstreden\u00edm<\/strong>, pri\u010dom v d\u00f4sledku tohto procesu sa po\u010det krvn\u00fdch do\u0161ti\u010diek v porovnan\u00ed s prirodzenou plazmou zvy\u0161uje a\u017e <strong>2 a\u017e 9-kr\u00e1t<\/strong>. Trombocyty s\u00fa nevyhnutn\u00e9 pre ko\u017en\u00e9 bunky, preto\u017ee ur\u00fdch\u013euj\u00fa ich regener\u00e1ciu a mno\u017eenie. Zlep\u0161uj\u00fa tie\u017e prekrvenie poko\u017eky, a t\u00fdm jej okysli\u010denie, stimuluj\u00fa vlasov\u00e9 cibu\u013eky, \u010d\u00edm vytv\u00e1raj\u00fa ide\u00e1lne prostredie pre rast silnej\u0161\u00edch a hustej\u0161\u00edch vlasov.<\/p>\n\n\n\n<p>Mezoterapia plazmou bohatou na krvn\u00e9 do\u0161ti\u010dky funguje nielen pri lie\u010dbe ple\u0161atosti, ale aj pri<strong> redukcii vr\u00e1sok<\/strong> na tv\u00e1ri, krku alebo dekolte. Jeho nev\u00fdhodou je nutnos\u0165 opakova\u0165 z\u00e1kroky v priemere ka\u017ed\u00e9 <strong>2 a\u017e 3 mes<\/strong>iace, \u010do z\u00e1vis\u00ed od veku pacienta, a <strong>boles\u0165<\/strong> sprev\u00e1dzaj\u00faca vstrekovanie plazmy pod ko\u017eu.<\/p>\n\n\n\n<h3 class=\"wp-block-heading\">Kme\u0148ov\u00e9 bunky<\/h3>\n\n\n\n<p>Tie sa z\u00edskavaj\u00fa nielen z krvi, ale aj z tukov\u00e9ho <strong>tkaniva<\/strong> pacienta, ktor\u00e9 sa zvy\u010dajne odober\u00e1 zo strany kolien. Kme\u0148ov\u00e9 bunky s\u00fa \u0161pecifick\u00fdm typom buniek, ktor\u00e9 sa vyzna\u010duj\u00fa <strong>mnoh\u00fdmi cenn\u00fdmi vlastnos\u0165ami<\/strong>:<\/p>\n\n\n\n<ul class=\"wp-block-list\"><li>schopnos\u0165 deli\u0165;<\/li><li>r\u00fdchla regener\u00e1cia;<\/li><li>\u013eahk\u00e9 prisp\u00f4sobenie sa typu tkaniva, v ktorom sa nach\u00e1dzaj\u00fa, \u010do im umo\u017e\u0148uje nahradi\u0165 bunky, ktor\u00e9 v nich odumieraj\u00fa, vr\u00e1tane ko\u017en\u00fdch buniek;<\/li><li>aktiv\u00e1cia synt\u00e9zy dvoch najd\u00f4le\u017eitej\u0161\u00edch stavebn\u00fdch materi\u00e1lov vlasov, kerat\u00ednu a kolag\u00e9nu;<\/li><li>zlep\u0161enie mno\u017eenia diferencovan\u00fdch buniek.<\/li><\/ul>\n\n\n\n<p>Mezoterapiu s pou\u017eit\u00edm kme\u0148ov\u00fdch buniek m\u00f4\u017ee vykona\u0165 len lek\u00e1r, a to aj po <strong>d\u00f4kladnej<\/strong> lek\u00e1rskej <strong>konzult\u00e1cii s<\/strong> pacientom. \u010casto zd\u00f4raz\u0148ovanou v\u00fdhodou tejto met\u00f3dy je, \u017ee sta\u010d\u00ed vykona\u0165 len <strong>jedno o\u0161etrenie<\/strong>, ktor\u00e9 u\u017e umo\u017e\u0148uje zintenz\u00edvni\u0165 proces rastu nov\u00fdch vlasov a z\u00e1rove\u0148 <strong>zni\u017euje riziko<\/strong> ak\u00fdchko\u013evek komplik\u00e1ci\u00ed.<\/p>\n\n\n\n<h2 class=\"wp-block-heading\">Ihli\u010dkov\u00e1 mezoterapia poko\u017eky hlavy &#8211; pr\u00edprava na postup a jeho priebeh<\/h2>\n\n\n\n<div class=\"wp-block-image\"><figure class=\"alignright size-large is-resized\"><figure id=\"\" class=\"alignnone width-full\" style=\"width: 500px;\"><img loading=\"lazy\" decoding=\"async\" data-caption=\"\" src=\"https:\/\/consumers-views.com\/sk\/wp-content\/uploads\/2021\/10\/Depositphotos_308641198_s-2019.webp\" alt=\" Ihli\u010dkov\u00e1 mezoterapia poko\u017eky hlavy\" width=\"500\" height=\"334\" title=\"\"><\/figure><\/figure><\/div>\n\n\n\n<p>Ako som u\u017e spom\u00ednal, z\u00e1krok si vy\u017eaduje <strong>n\u00e1le\u017eit\u00fa pr\u00edpravu<\/strong> pacienta, \u017eiadna sebavedom\u00e1 klinika estetickej medic\u00edny ho nevykon\u00e1 osobe, ktor\u00e1 do ordin\u00e1cie vst\u00fapi <em>&#8222;priamo z ulice&#8220;.<\/em> Lek\u00e1r vykon\u00e1 s pacientom d\u00f4kladn\u00fd rozhovor z h\u013eadiska <strong>mo\u017en\u00fdch kontraindik\u00e1ci\u00ed, ktor\u00e9<\/strong> som uviedol vy\u0161\u0161ie, a pacient by <strong>ho<\/strong> mal s oh\u013eadom na svoju bezpe\u010dnos\u0165 <strong>informova\u0165<\/strong> o svojich zdravotn\u00fdch \u0165a\u017ekostiach.<\/p>\n\n\n\n<p>Ak lek\u00e1r nem\u00e1 <strong>n\u00e1mietky<\/strong>, za\u010dne lie\u010dbu o\u010disten\u00edm vlasovej poko\u017eky a nanesen\u00edm \u0161peci\u00e1lneho peelingov\u00e9ho prostriedku, ktor\u00fd ju nielen dezinfikuje, ale aj vy\u010dist\u00ed \u00fastia vlasov\u00fdch folikulov. V\u010faka tomu poko\u017eka lep\u0161ie <strong>absorbuje \u00fa\u010dinn\u00e9 l\u00e1tky, ktor\u00e9<\/strong> sa pod \u0148u vstrekuj\u00fa. Ko\u017ea sa prepichne len na <strong>2 &#8211; 3 mm<\/strong> a stopy, ktor\u00e9 po nej zostan\u00fa, pripom\u00ednaj\u00fa mal\u00e9 u\u0161tipnutia hmyzom alebo modriny a zahoja sa <strong>prakticky bezo zvy\u0161ku<\/strong> v priebehu nieko\u013ek\u00fdch dn\u00ed. <\/p>\n\n\n\n<p>Boles\u0165 po o\u0161etren\u00ed <strong>mo\u017eno zn\u00ed\u017ei\u0165<\/strong> namazan\u00edm miest vpichu analgetickou mas\u0165ou, ale je potrebn\u00e9 vopred skontrolova\u0165, \u010di jej zlo\u017eky <strong>nedr\u00e1\u017edia<\/strong> epidermis. K\u00fdm sa stopy po vpichoch <strong>\u00faplne<\/strong> nezahoja, <strong>nesmiete<\/strong> si farbi\u0165 vlasy <strong>ani<\/strong> pou\u017e\u00edva\u0165 dr\u00e1\u017ediv\u00e9 pr\u00edpravky na starostlivos\u0165 o vlasy. Mali by ste sa tie\u017e zdr\u017ea\u0165 opa\u013eovania na slnku aj v sol\u00e1riu aspo\u0148 <strong>48 hod\u00edn<\/strong>; mali by ste tie\u017e obmedzi\u0165 pou\u017e\u00edvanie baz\u00e9nov a nepreh\u00e1\u0148a\u0165 to s alkoholom, ktor\u00fd m\u00f4\u017ee naru\u0161i\u0165 proces hojenia.<\/p>\n\n\n\n<h2 class=\"wp-block-heading\">Ihli\u010dkov\u00e1 mezoterapia poko\u017eky hlavy &#8211; s\u00fahrn \u00fa\u010dinkov<\/h2>\n\n\n\n<p>Prv\u00e9 <strong>pozit\u00edvne \u00fa\u010dinky<\/strong> ihlovej mezoterapie s\u00fa vidite\u013en\u00e9 u\u017e po <strong>2 t\u00fd\u017ed\u0148och<\/strong> od prv\u00e9ho o\u0161etrenia:<\/p>\n\n\n\n<ul class=\"wp-block-list\"><li>vlasy s\u00fa silnej\u0161ie, odolnej\u0161ie vo\u010di mechanick\u00e9mu po\u0161kodeniu a po\u0161kodeniu sp\u00f4soben\u00e9mu zmenami po\u010dasia;<\/li><li>\u00fa\u010dinn\u00e9 zlo\u017eky vy\u017eivuj\u00fa a d\u00f4kladne hydratuj\u00fa vlasy po celej ich d\u013a\u017eke;<\/li><li>Vlasov\u00e9 folikuly a cibu\u013eky s\u00fa revitalizovan\u00e9;<\/li><li>zlep\u0161uje sa prekrvenie poko\u017eky hlavy;<\/li><li>vlasy prestan\u00fa vypad\u00e1va\u0165 a r\u00fdchlo dorast\u00fa nov\u00e9, zdrav\u00e9 a hustej\u0161ie vlasy.<\/li><\/ul>\n\n\n\n<p><strong>Zdroje:<\/strong><\/p>\n\n\n\n<ul class=\"wp-block-list\"><li><a href=\"https:\/\/www.medicalnewstoday.com\/articles\/320107\" target=\"_blank\" rel=\"noopener\">https:\/\/www.medicalnewstoday.com\/articles\/320107<\/a> <\/li><li><a href=\"https:\/\/www.medicalnewstoday.com\/articles\/326294\" target=\"_blank\" rel=\"noopener\">https:\/\/www.medicalnewstoday.com\/articles\/326294<\/a> <\/li><li><a href=\"https:\/\/www.healthline.com\/health\/stem-cell-hair-transplant\" target=\"_blank\" rel=\"noopener\">https:\/\/www.healthline.com\/health\/stem-cell-hair-transplant<\/a> <\/li><\/ul>\n","protected":false},"excerpt":{"rendered":"<p>Ke\u010f si jedn\u00e9ho d\u0148a pred zrkadlom v\u0161imneme, \u017ee n\u00e1m za\u010d\u00ednaj\u00fa vo ve\u013ekom vypad\u00e1va\u0165 vlasy, na\u0161ou prvou reakciou na tento jav je zvy\u010dajne panika. V tejto situ\u00e1cii v\u0161ak stoj\u00ed za to zachova\u0165 pokoj, \u010do pom\u00f4\u017ee nielen spr\u00e1vne identifikova\u0165 pr\u00ed\u010diny tohto zr\u00fdchlen\u00e9ho ple\u0161atenia, ale predov\u0161etk\u00fdm n\u00e1js\u0165 \u00fa\u010dinn\u00fd sp\u00f4sob prevencie. Na\u0161\u0165astie ich je ve\u013ea, od vhodne zvolenej kozmetiky [&hellip;]<\/p>\n","protected":false},"author":1,"featured_media":7237,"comment_status":"open","ping_status":"open","sticky":false,"template":"","format":"standard","meta":{"footnotes":""},"categories":[12],"tags":[],"class_list":["post-2536","post","type-post","status-publish","format-standard","has-post-thumbnail","hentry","category-vlasy","box-post"],"_links":{"self":[{"href":"https:\/\/consumers-views.com\/sk\/wp-json\/wp\/v2\/posts\/2536","targetHints":{"allow":["GET"]}}],"collection":[{"href":"https:\/\/consumers-views.com\/sk\/wp-json\/wp\/v2\/posts"}],"about":[{"href":"https:\/\/consumers-views.com\/sk\/wp-json\/wp\/v2\/types\/post"}],"author":[{"embeddable":true,"href":"https:\/\/consumers-views.com\/sk\/wp-json\/wp\/v2\/users\/1"}],"replies":[{"embeddable":true,"href":"https:\/\/consumers-views.com\/sk\/wp-json\/wp\/v2\/comments?post=2536"}],"version-history":[{"count":7,"href":"https:\/\/consumers-views.com\/sk\/wp-json\/wp\/v2\/posts\/2536\/revisions"}],"predecessor-version":[{"id":7241,"href":"https:\/\/consumers-views.com\/sk\/wp-json\/wp\/v2\/posts\/2536\/revisions\/7241"}],"wp:featuredmedia":[{"embeddable":true,"href":"https:\/\/consumers-views.com\/sk\/wp-json\/wp\/v2\/media\/7237"}],"wp:attachment":[{"href":"https:\/\/consumers-views.com\/sk\/wp-json\/wp\/v2\/media?parent=2536"}],"wp:term":[{"taxonomy":"category","embeddable":true,"href":"https:\/\/consumers-views.com\/sk\/wp-json\/wp\/v2\/categories?post=2536"},{"taxonomy":"post_tag","embeddable":true,"href":"https:\/\/consumers-views.com\/sk\/wp-json\/wp\/v2\/tags?post=2536"}],"curies":[{"name":"wp","href":"https:\/\/api.w.org\/{rel}","templated":true}]}}