{"id":89122,"date":"2024-05-23T21:59:06","date_gmt":"2024-05-23T19:59:06","guid":{"rendered":"https:\/\/consumers-views.com\/hu\/?p=89122"},"modified":"2024-05-23T21:59:06","modified_gmt":"2024-05-23T19:59:06","slug":"hipervitaminozis","status":"publish","type":"post","link":"https:\/\/consumers-views.com\/hu\/hipervitaminozis\/","title":{"rendered":"Hipervitamin\u00f3zis, vagyis a vitaminfelesleg eg\u00e9szs\u00e9g\u00fcgyi hat\u00e1sai"},"content":{"rendered":"<p>A vitaminok olyan t\u00e1panyagvegy\u00fcletek, amelyek <strong>n\u00e9lk\u00fcl\u00f6zhetetlenek az eg\u00e9szs\u00e9g\u00fcnkh\u00f6z<\/strong>, \u00e9s minden nap be kell juttatnunk \u0151ket a szervezet\u00fcnkbe. \u00cdgy <strong>minimaliz\u00e1lhatjuk<\/strong> sz\u00e1mos vesz\u00e9lyes betegs\u00e9g <strong>kialakul\u00e1s\u00e1nak kock\u00e1zat\u00e1t<\/strong>, illetve <strong>enyh\u00edthetj\u00fck a t\u00fcneteket \u00e9s t\u00e1mogathatjuk<\/strong> a m\u00e1r megl\u00e9v\u0151 betegs\u00e9gek <strong>gy\u00f3gyul\u00e1si folyamat\u00e1t<\/strong>. Ugyanakkor a vitaminok p\u00f3tl\u00e1sakor nem szabad elfelejten\u00fcnk, hogy <strong>tartsuk be az aj\u00e1nlott adagol\u00e1sukat, \u00e9s soha ne l\u00e9pj\u00fck t\u00fal azt.<\/strong> Ha ezt elmulasztjuk, sz\u00e1molnunk kell a <strong>hipervitamin\u00f3zis, azaz a vitamin-t\u00faladagol\u00e1s k\u00f6vetkezm\u00e9nyeivel<\/strong>.<\/p>\n\n\n\n<h2 class=\"wp-block-heading\">Mi\u00e9rt fontos a vitaminok megfelel\u0151 mennyis\u00e9g\u00e9nek biztos\u00edt\u00e1sa?<\/h2>\n\n\n<div class=\"wp-block-image\">\n<figure class=\"alignright size-full is-resized\"><figure id=\"attachment_10305\" class=\"alignnone width-full text-columns-nobreak\" style=\"width: ;\"><img decoding=\"async\" data-caption=\"\" src=\"https:\/\/consumers-views.com\/hu\/wp-content\/uploads\/2024\/05\/Depositphotos_248389174_S.jpg\" alt=\" Vitaminok\" class=\"wp-image-10305\" style=\"width:396px;height:auto\" title=\"\"><\/figure><\/figure>\n<\/div>\n\n\n<p>A vitaminok <strong>\u00f6sszetett szerves vegy\u00fcletek<\/strong>, amelyeket el\u0151sz\u00f6r egy lengyel, Kazimierz Funk fedezett fel, eg\u00e9szen pontosan a B1-vitamint, vagyis a tiamint. Ma m\u00e1r sokkal t\u00f6bbet ismer\u00fcnk bel\u0151l\u00fck, \u00e9s tudjuk, hogy m\u00e9g az <strong>emberi szervezet szerveinek \u00e9s bels\u0151 rendszereinek megfelel\u0151 m\u0171k\u00f6d\u00e9s\u00e9hez<\/strong> is <strong>elengedhetetlenek<\/strong>. <\/p>\n\n\n\n<p>Az ismert vitaminokat <strong>k\u00e9t csoportra osztjuk, att\u00f3l f\u00fcgg\u0151en, hogy miben old\u00f3dnak, mire:<\/strong><\/p>\n\n\n\n<ul class=\"wp-block-list\">\n<li>v\u00edzben old\u00f3d\u00f3, amelyek k\u00f6z\u00e9 tartoznak a B-vitaminok \u00e9s a C-vitamin;<\/li>\n\n\n\n<li>zs\u00edrban old\u00f3d\u00f3, \u00e9s ebbe a csoportba tartozik az A-vitamin, a D-vitamin, az E-vitamin \u00e9s a K-vitamin.<\/li>\n<\/ul>\n\n\n\n<p>Az egyes vitaminokr\u00f3l <strong>kor\u00e1bbi bejegyz\u00e9seinkben<\/strong> tal\u00e1lsz le\u00edr\u00e1st, de \u00e9rdemes \u00fajra megeml\u00edteni a <strong>legfontosabb funkci\u00f3kat, amelyeket ell\u00e1tnak.<\/strong> T\u00f6bbek k\u00f6z\u00f6tt felel\u0151sek t\u00f6bbek k\u00f6z\u00f6tt a k\u00f6vetkez\u0151k\u00e9rt:<\/p>\n\n\n\n<ul class=\"wp-block-list\">\n<li>A sz\u00edv- \u00e9s \u00e9rrendszer m\u0171k\u00f6d\u00e9s\u00e9\u00e9rt;<\/li>\n\n\n\n<li>A v\u00e9ralvad\u00e1s\u00e9rt \u00e9s a v\u00e9r\u00e1raml\u00e1s\u00e9rt;<\/li>\n\n\n\n<li>Az anyagcsere \u00e9s az em\u00e9szt\u00e9si folyamatok\u00e9rt;<\/li>\n\n\n\n<li>Antioxid\u00e1ns aktivit\u00e1s\u00e9rt, a k\u00f3rokoz\u00f3 szabad gy\u00f6k\u00f6k elt\u00e1vol\u00edt\u00e1s\u00e1\u00e9rt;<\/li>\n\n\n\n<li>a j\u00f3 l\u00e1t\u00e1s meg\u0151rz\u00e9s\u00e9\u00e9rt;<\/li>\n\n\n\n<li>az agy \u00e9s az idegrendszer m\u0171k\u00f6d\u00e9se;<\/li>\n\n\n\n<li>j\u00f3 mem\u00f3ria, koncentr\u00e1ci\u00f3 \u00e9s kognit\u00edv k\u00e9pess\u00e9gek;<\/li>\n\n\n\n<li>a szervezet hormon\u00e1lis egyens\u00faly\u00e1nak szab\u00e1lyoz\u00e1sa;<\/li>\n\n\n\n<li>a term\u00e9szetes immunit\u00e1s t\u00e1mogat\u00e1sa;<\/li>\n\n\n\n<li>a b\u0151r eg\u00e9szs\u00e9g\u00e9hez n\u00e9lk\u00fcl\u00f6zhetetlen kollag\u00e9n szint\u00e9zise;<\/li>\n\n\n\n<li>a b\u0151r feszess\u00e9ge, rugalmass\u00e1ga \u00e9s megfelel\u0151 hidrat\u00e1lts\u00e1ga;<\/li>\n\n\n\n<li>a b\u0151r elsz\u00ednez\u0151d\u00e9s\u00e9nek \u00e9s a pattan\u00e1soknak a hi\u00e1nya.<\/li>\n<\/ul>\n\n\n\n<h2 class=\"wp-block-heading\">Mi a hipervitamin\u00f3zis \u00e9s hogyan fordulhat el\u0151?<\/h2>\n\n\n\n<p>Ez term\u00e9szetesen csak <strong>n\u00e9h\u00e1ny a megfelel\u0151 vitaminszint fenntart\u00e1s\u00e1nak eg\u00e9szs\u00e9get el\u0151seg\u00edt\u0151 hat\u00e1sai k\u00f6z\u00fcl<\/strong>. Ezek nemcsak a t\u00edpusukt\u00f3l, hanem a m\u00e1r eml\u00edtett, <strong>szakemberek \u00e1ltal aj\u00e1nlott<\/strong> helyes adagol\u00e1st\u00f3l is f\u00fcggnek. Egy esetleges <strong>vitaminhi\u00e1nyt<\/strong> gyorsan kezelhet\u00fcnk, ha <strong>nagyobb mennyis\u00e9gben biztos\u00edtjuk \u0151ket<\/strong>.<\/p>\n\n\n\n<p>Ugyanilyen vesz\u00e9lyes a <strong>t\u00faladagol\u00e1suk<\/strong>, azaz a <strong>hipervitamin\u00f3zis<\/strong>. Sajnos m\u00e9g mindig \u00e9l az a t\u00e9vhit, hogy a vitaminokat nem lehet t\u00faladagolni, ez\u00e9rt sokan a vitamind\u00fas \u00e9trendet kombin\u00e1lj\u00e1k a t\u00e1pl\u00e1l\u00e9kkieg\u00e9sz\u00edt\u0151k ellen\u0151rizetlen haszn\u00e1lat\u00e1val. Ennek <strong>s\u00falyos k\u00f6vetkezm\u00e9nyei<\/strong> vannak <strong>, amelyekkel \u00e9rdemes jobban megismerkedni<\/strong>.<\/p>\n\n\n\n<h2 class=\"wp-block-heading\">Mennyire jelent komoly eg\u00e9szs\u00e9g\u00fcgyi kock\u00e1zatot a vitaminok t\u00faladagol\u00e1sa?<\/h2>\n\n\n<div class=\"wp-block-image\">\n<figure class=\"alignright size-full is-resized\"><figure id=\"attachment_10306\" class=\"alignnone width-full text-columns-nobreak\" style=\"width: ;\"><img decoding=\"async\" data-caption=\"\" src=\"https:\/\/consumers-views.com\/hu\/wp-content\/uploads\/2024\/05\/Depositphotos_31520757_S.jpg\" alt=\" Vitaminok\" class=\"wp-image-10306\" style=\"width:396px;height:auto\" title=\"\"><\/figure><\/figure>\n<\/div>\n\n\n<p>A hipervitamin\u00f3zist neh\u00e9z egy\u00e9rtelm\u0171en diagnosztiz\u00e1lni; t\u00f6bbek k\u00f6z\u00f6tt att\u00f3l f\u00fcgg, hogy milyen <strong>vitamint\u00edpusb\u00f3l adtunk t\u00fal<\/strong> sokat. Azonban sz\u00e1mos <strong>gyakori, jellegzetes<\/strong>, els\u0151sorban az em\u00e9szt\u0151rendszert \u00e9rint\u0151 <strong>t\u00fcnetet<\/strong> okoz, mint p\u00e9ld\u00e1ul:<\/p>\n\n\n\n<ul class=\"wp-block-list\">\n<li>h\u00e1nyinger<\/li>\n\n\n\n<li>h\u00e1ny\u00e1s;<\/li>\n\n\n\n<li>hasmen\u00e9s;<\/li>\n\n\n\n<li>er\u0151s hasi f\u00e1jdalom;<\/li>\n\n\n\n<li>\u00e9tv\u00e1gytalans\u00e1g, \u00e9tv\u00e1gytalans\u00e1g.<\/li>\n<\/ul>\n\n\n\n<p>Ezek \u00e1ltal\u00e1nos t\u00fcnetek, \u00e9s <strong>pontosabb feloszt\u00e1suk is sz\u00fcks\u00e9ges aszerint, hogy melyik vitaminb\u00f3l van felesleg a szervezet\u00fcnkben<\/strong>. Ezt a feloszt\u00e1st a szak\u00e9rt\u0151k a k\u00f6vetkez\u0151k\u00e9ppen mutatj\u00e1k be:<\/p>\n\n\n\n<h3 class=\"wp-block-heading\">A-vitamin hipervitamin\u00f3zis<\/h3>\n\n\n\n<p>T\u00f6bb k\u00e9miai vegy\u00fclet, az \u00fagynevezett karotinoidok kever\u00e9ke, amelyek egy\u00fcttesen csak A-vitamint, m\u00e1s n\u00e9ven retinolt vagy b\u00e9ta-karotint alkotnak. Megfelel\u0151 napi adagja seg\u00edt megel\u0151zni az <em>&#8222;\u00e9jszakai vaks\u00e1got&#8221;,<\/em> v\u00e9d a r\u00e1k ellen, er\u0151s\u00edti a hajat, a b\u0151rt \u00e9s a k\u00f6rm\u00f6ket, m\u00edg a felesleg jellegzetes, kellemetlen t\u00fcneteket okoz:<\/p>\n\n\n\n<ul class=\"wp-block-list\">\n<li>fejf\u00e1j\u00e1st, izom- \u00e9s \u00edz\u00fcleti f\u00e1jdalmakat;<\/li>\n\n\n\n<li>ingerl\u00e9kenys\u00e9g, s\u00falyos idegess\u00e9g \u00e9s hiperaktivit\u00e1s;<\/li>\n\n\n\n<li>\u00e1lland\u00f3 fizikai \u00e9s szellemi f\u00e1radts\u00e1g\u00e9rzet;<\/li>\n\n\n\n<li>\u00ednyv\u00e9rz\u00e9s kock\u00e1zata;<\/li>\n\n\n\n<li>g\u00f6rcs\u00f6k;<\/li>\n\n\n\n<li>h\u00e1nyinger \u00e9s h\u00e1ny\u00e1s;<\/li>\n\n\n\n<li>viszket\u00e9s \u00e9s \u00e9g\u0151 b\u0151r;<\/li>\n\n\n\n<li>fotof\u00f3bia;<\/li>\n\n\n\n<li>a bels\u0151 szervek, k\u00fcl\u00f6n\u00f6sen a l\u00e9p \u00e9s a m\u00e1j lehets\u00e9ges megnagyobbod\u00e1sa.<\/li>\n<\/ul>\n\n\n\n<h3 class=\"wp-block-heading\">B-vitamin hipervitamin\u00f3zis<\/h3>\n\n\n\n<p>Az ebbe a sz\u00e9les csoportba tartoz\u00f3 sz\u00e1mos vitamin m\u00e9g a teljes eg\u00e9szs\u00e9ghez is n\u00e9lk\u00fcl\u00f6zhetetlen, ez\u00e9rt is olyan fontos elker\u00fclni a t\u00faladagol\u00e1st, ami az egyes vitaminok eset\u00e9ben vezethet:<\/p>\n\n\n\n<ul class=\"wp-block-list\">\n<li>tiamin, B1-vitamin, s\u00falyos fejf\u00e1j\u00e1s, sz\u00edvritmuszavarok, endokrin probl\u00e9m\u00e1k, mindenekel\u0151tt a megfelel\u0151 mennyis\u00e9g\u0171 inzulin kiv\u00e1laszt\u00e1sa;<\/li>\n\n\n\n<li>riboflavin, B2-vitamin, h\u00e1ny\u00e1s \u00e9s em\u00e9szt\u00e9si probl\u00e9m\u00e1k, nagyobb \u00e9rz\u00e9kenys\u00e9g az oxidat\u00edv stressz hat\u00e1saira;<\/li>\n\n\n\n<li>niacin, B3-vitamin, m\u00e1jm\u0171k\u00f6d\u00e9si zavarok, ritmuszavarok, viszket\u0151 b\u0151r, megn\u00f6vekedett v\u00e9rcukorszint, v\u00e9rnyom\u00e1s-szab\u00e1lyoz\u00e1si neh\u00e9zs\u00e9gek \u00e9s megn\u00f6vekedett LDL koleszterinszint;<\/li>\n\n\n\n<li>Pantot\u00e9nsav, B5-vitamin, rosszul m\u0171k\u00f6d\u0151 em\u00e9szt\u0151rendszer, s\u00falyos allergi\u00e1k kock\u00e1zata, zavar a neurotranszmitter-szint\u00e9zisben;<\/li>\n\n\n\n<li>piridoxin, B6-vitamin, fokoz\u00f3d\u00f3 idegrendszeri probl\u00e9m\u00e1k, legyeng\u00fclt immunit\u00e1s \u00e9s kev\u00e9sb\u00e9 hat\u00e9kony anyagcsere;<\/li>\n\n\n\n<li>folsav, B9-vitamin, szint\u00e9n rendellenes idegrendszeri m\u0171k\u00f6d\u00e9s, sejtn\u00f6veked\u00e9si neh\u00e9zs\u00e9gek, a b\u0151r nagyobb \u00e9rz\u00e9kenys\u00e9ge a negat\u00edv k\u00fcls\u0151 hat\u00e1sokkal szemben.<\/li>\n<\/ul>\n\n\n\n<h3 class=\"wp-block-heading\">C-vitamin hipervitamin\u00f3zis<\/h3>\n\n\n\n<p>A C-vitamin, m\u00e1s n\u00e9ven aszkorbinsav az emberi szervezet egyik legfontosabb vitaminja, er\u0151s antioxid\u00e1ns, amely el\u0151seg\u00edti a felesleges szabadgy\u00f6k\u00f6k elt\u00e1vol\u00edt\u00e1s\u00e1t. A t\u00fal sok bel\u0151le val\u00f3 rendelkez\u00e9s azonban sz\u00e1mos s\u00falyos betegs\u00e9g fokozott kock\u00e1zat\u00e1val j\u00e1r, \u00e9s t\u00f6bbek k\u00f6z\u00f6tt ezt okozhatja:<\/p>\n\n\n\n<ul class=\"wp-block-list\">\n<li>Az em\u00e9szt\u0151rendszer m\u0171k\u00f6d\u00e9s\u00e9nek probl\u00e9m\u00e1it;<\/li>\n\n\n\n<li>h\u00e1nyinger \u00e9s hasi f\u00e1jdalom;<\/li>\n\n\n\n<li>h\u00e1ny\u00e1s;<\/li>\n\n\n\n<li>ellen\u0151rizhetetlen hasmen\u00e9s, amely kisz\u00e1rad\u00e1s vesz\u00e9ly\u00e9vel j\u00e1r;<\/li>\n\n\n\n<li>fokozott vizel\u00e9si sz\u00fcks\u00e9gletet;<\/li>\n\n\n\n<li>vesek\u0151 kialakul\u00e1s\u00e1nak kock\u00e1zata;<\/li>\n\n\n\n<li>allergi\u00e1s reakci\u00f3k, \u00e1ltal\u00e1ban b\u0151rreakci\u00f3k;<\/li>\n\n\n\n<li>bizonyos gy\u00f3gyszercsoportok hat\u00e1s\u00e1nak befoly\u00e1sol\u00e1sa.<\/li>\n<\/ul>\n\n\n\n<h3 class=\"wp-block-heading\">D-vitamin hipervitamin\u00f3zis<\/h3>\n\n\n\n<p>A D-vitamin feladatainak k\u00f6re rendk\u00edv\u00fcl sz\u00e9les; t\u00f6bbek k\u00f6z\u00f6tt meghat\u00e1rozza az er\u0151s \u00e9s ellen\u00e1ll\u00f3 csontozat fenntart\u00e1s\u00e1t, t\u00e1mogatja \u00e9s szab\u00e1lyozza a kalcium felsz\u00edv\u00f3d\u00e1s\u00e1t a belekb\u0151l, gondoskodik a fogak mineraliz\u00e1ci\u00f3j\u00e1r\u00f3l, szab\u00e1lyozza a v\u00e9rnyom\u00e1st \u00e9s az inzulinelv\u00e1laszt\u00e1st. T\u00falteng\u00e9se azonban negat\u00edv k\u00f6vetkezm\u00e9nyekkel j\u00e1r, \u00e9s a k\u00f6vetkez\u0151kh\u00f6z vezethet:<\/p>\n\n\n\n<ul class=\"wp-block-list\">\n<li>\u00c9rezhet\u0151 izomgyenges\u00e9ghez;<\/li>\n\n\n\n<li>a sz\u00edv- \u00e9s \u00e9rrendszeri betegs\u00e9gek magasabb kock\u00e1zat\u00e1hoz;<\/li>\n\n\n\n<li>m\u00e1s betegs\u00e9gek kialakul\u00e1s\u00e1nak lehet\u0151s\u00e9g\u00e9t, bele\u00e9rtve a cukorbetegs\u00e9get, a szkler\u00f3zis multiplexet \u00e9s a reum\u00e1s \u00edz\u00fcleti gyullad\u00e1st;<\/li>\n\n\n\n<li>koncentr\u00e1ci\u00f3s neh\u00e9zs\u00e9gekhez;<\/li>\n\n\n\n<li>poliuria;<\/li>\n\n\n\n<li>\u00e1lland\u00f3 \u00e1lmoss\u00e1g \u00e9s ap\u00e1tia \u00e9rz\u00e9se;<\/li>\n\n\n\n<li>h\u00e1ny\u00e1s, hasmen\u00e9s \u00e9s sz\u00e9kreked\u00e9s;<\/li>\n\n\n\n<li>\u00e1ltal\u00e1nos gyenges\u00e9g\u00e9rzet;<\/li>\n\n\n\n<li>meszesed\u00e9s a t\u00fcd\u0151ben, a ves\u00e9kben \u00e9s m\u00e9g a sz\u00edvben is.<\/li>\n<\/ul>\n\n\n\n<h3 class=\"wp-block-heading\">E-vitamin hipervitamin\u00f3zis<\/h3>\n\n\n\n<p>AzE-vitamin teljes m\u00e9rt\u00e9kben ki\u00e9rdemelte a k\u00f6znyelvben a <em>&#8222;fiatals\u00e1g vitaminja<\/em>&#8221; elnevez\u00e9st, mivel a b\u0151r \u00e9s a haj eg\u00e9szs\u00e9g\u00e9t \u00e9s megjelen\u00e9s\u00e9t jav\u00edt\u00f3 er\u0151teljes hat\u00e1sa jellemzi. A sz\u00edv- \u00e9s \u00e9rrendszeri betegs\u00e9gek ellen is hat\u00e1sos, \u00e9s antioxid\u00e1ns tulajdons\u00e1gokkal rendelkezik. <em>&#8222;term\u00e9kenys\u00e9gi vitaminnak<\/em>&#8221; is nevezik, mivel j\u00f3t\u00e9kony hat\u00e1ssal van a reprodukci\u00f3s k\u00e9pess\u00e9gre, de t\u00faladagol\u00e1sa a k\u00f6vetkez\u0151kkel j\u00e1r<\/p>\n\n\n\n<ul class=\"wp-block-list\">\n<li>\u00e1lland\u00f3 f\u00e1radts\u00e1g\u00e9rzetet okoz;<\/li>\n\n\n\n<li>izomgyenges\u00e9get;<\/li>\n\n\n\n<li>cs\u00f6kkent v\u00e9ralvad\u00e1s;<\/li>\n\n\n\n<li>em\u00e9szt\u00e9si zavarok, hasmen\u00e9s \u00e9s f\u00e1jdalmas sz\u00e9kreked\u00e9s;<\/li>\n\n\n\n<li>s\u00falyos fejf\u00e1j\u00e1st;<\/li>\n\n\n\n<li>l\u00e1t\u00e1sroml\u00e1s.<\/li>\n<\/ul>\n\n\n\n<h3 class=\"wp-block-heading\">K-vitamin hipervitamin\u00f3zis<\/h3>\n\n\n\n<p>A K-vitamin szint\u00e9n egy nagyobb vegy\u00fcletcsoportb\u00f3l \u00e1ll, zs\u00edrban old\u00f3dik, szab\u00e1lyozza a szervezet kalcium-anyagcser\u00e9j\u00e9t, ez\u00e9rt er\u0151s\u00edti a csontokat \u00e9s a fogakat. Ezen k\u00edv\u00fcl jav\u00edtja a sz\u00edv- \u00e9s kering\u00e9si rendszert, gondoskodik az idegrendszer hat\u00e9konys\u00e1g\u00e1r\u00f3l, jav\u00edtja a b\u0151r megjelen\u00e9s\u00e9t, megel\u0151zve a k\u00fcl\u00f6nb\u00f6z\u0151 b\u0151rbetegs\u00e9geket. Ebben az esetben is el kell ker\u00fcln\u00fcnk a t\u00faladagol\u00e1st, ami azt eredm\u00e9nyezi:<\/p>\n\n\n\n<ul class=\"wp-block-list\">\n<li>Sz\u00edvizomf\u00e1jdalom;<\/li>\n\n\n\n<li>heves h\u0151hull\u00e1mok;<\/li>\n\n\n\n<li>v\u00e9rnyom\u00e1s-emelked\u00e9s;<\/li>\n\n\n\n<li>fokozott v\u00e9ralvad\u00e1s a v\u00e9n\u00e1s pang\u00e1s vesz\u00e9ly\u00e9vel;<\/li>\n\n\n\n<li>m\u00e1jm\u0171k\u00f6d\u00e9si zavarok \u00e9s f\u00e1jdalom;<\/li>\n\n\n\n<li>hemol\u00edzis, azaz a v\u00f6r\u00f6sv\u00e9rtestek ellen\u0151rizetlen leboml\u00e1sa.<\/li>\n<\/ul>\n\n\n\n<h2 class=\"wp-block-heading\">Hogyan lehet a hipervitamin\u00f3zist ellens\u00falyozni?<\/h2>\n\n\n\n<p>Az els\u0151 teend\u0151, ha a <strong>fent v\u00e1zolt t\u00fcneteket \u00e9szleli mag\u00e1n<\/strong>, hogy forduljon orvos\u00e1hoz, akinek laborat\u00f3riumi vizsg\u00e1latokat kell elrendelnie, amelyekkel kimutathat\u00f3 <strong>, hogy t\u00fal sok vitamin van-e a szervezet\u00e9ben<\/strong>. Ennek alapj\u00e1n elrendelheti a megfelel\u0151 \u00e9trendet, amelyben <strong>kevesebbet<\/strong> fogyasztunk <strong>a felesleges vitaminokb\u00f3l, \u00e9s \u00e1ltal\u00e1ban megtiltja az ezeket tartalmaz\u00f3 \u00e9trend-kieg\u00e9sz\u00edt\u0151k fogyaszt\u00e1s\u00e1t is.<\/strong><\/p>\n\n\n\n<p><em><strong>Forr\u00e1sok:<\/strong><\/em><\/p>\n\n\n\n<ul class=\"wp-block-list\">\n<li>https:\/\/www.healthline.com\/nutrition\/vitamin-a<\/li>\n\n\n\n<li>https:\/\/www.healthline.com\/nutrition\/thiamine-deficiency-symptoms<\/li>\n\n\n\n<li>https:\/\/www.healthline.com\/health\/vitamin-watch-what-does-b2-do<\/li>\n\n\n\n<li>https:\/\/www.healthline.com\/nutrition\/niacin-benefits<\/li>\n\n\n\n<li>https:\/\/www.healthline.com\/health\/vitamin-watch-what-does-b5-do<\/li>\n\n\n\n<li>https:\/\/www.healthline.com\/nutrition\/vitamin-b6-benefits<\/li>\n\n\n\n<li>https:\/\/www.healthline.com\/nutrition\/folic-acid<\/li>\n\n\n\n<li>https:\/\/www.healthline.com\/nutrition\/vitamin-b12-benefits<\/li>\n\n\n\n<li>https:\/\/www.healthline.com\/nutrition\/vitamin-c-benefits<\/li>\n\n\n\n<li>https:\/\/www.healthline.com\/health\/food-nutrition\/benefits-vitamin-d<\/li>\n\n\n\n<li>https:\/\/www.healthline.com\/health\/all-about-vitamin-e<\/li>\n\n\n\n<li>https:\/\/www.healthline.com\/health\/vitamin-k<\/li>\n<\/ul>\n","protected":false},"excerpt":{"rendered":"<p>A vitaminok olyan t\u00e1panyagvegy\u00fcletek, amelyek n\u00e9lk\u00fcl\u00f6zhetetlenek az eg\u00e9szs\u00e9g\u00fcnkh\u00f6z, \u00e9s minden nap be kell juttatnunk \u0151ket a szervezet\u00fcnkbe. \u00cdgy minimaliz\u00e1lhatjuk sz\u00e1mos vesz\u00e9lyes betegs\u00e9g kialakul\u00e1s\u00e1nak kock\u00e1zat\u00e1t, illetve enyh\u00edthetj\u00fck a t\u00fcneteket \u00e9s t\u00e1mogathatjuk a m\u00e1r megl\u00e9v\u0151 betegs\u00e9gek gy\u00f3gyul\u00e1si folyamat\u00e1t. Ugyanakkor a vitaminok p\u00f3tl\u00e1sakor nem szabad elfelejten\u00fcnk, hogy tartsuk be az aj\u00e1nlott adagol\u00e1sukat, \u00e9s soha ne l\u00e9pj\u00fck t\u00fal azt. [&hellip;]<\/p>\n","protected":false},"author":1,"featured_media":89121,"comment_status":"closed","ping_status":"open","sticky":false,"template":"","format":"standard","meta":{"footnotes":""},"categories":[11],"tags":[],"class_list":["post-89122","post","type-post","status-publish","format-standard","has-post-thumbnail","hentry","category-egeszseg","box-post"],"_links":{"self":[{"href":"https:\/\/consumers-views.com\/hu\/wp-json\/wp\/v2\/posts\/89122","targetHints":{"allow":["GET"]}}],"collection":[{"href":"https:\/\/consumers-views.com\/hu\/wp-json\/wp\/v2\/posts"}],"about":[{"href":"https:\/\/consumers-views.com\/hu\/wp-json\/wp\/v2\/types\/post"}],"author":[{"embeddable":true,"href":"https:\/\/consumers-views.com\/hu\/wp-json\/wp\/v2\/users\/1"}],"replies":[{"embeddable":true,"href":"https:\/\/consumers-views.com\/hu\/wp-json\/wp\/v2\/comments?post=89122"}],"version-history":[{"count":1,"href":"https:\/\/consumers-views.com\/hu\/wp-json\/wp\/v2\/posts\/89122\/revisions"}],"predecessor-version":[{"id":89123,"href":"https:\/\/consumers-views.com\/hu\/wp-json\/wp\/v2\/posts\/89122\/revisions\/89123"}],"wp:featuredmedia":[{"embeddable":true,"href":"https:\/\/consumers-views.com\/hu\/wp-json\/wp\/v2\/media\/89121"}],"wp:attachment":[{"href":"https:\/\/consumers-views.com\/hu\/wp-json\/wp\/v2\/media?parent=89122"}],"wp:term":[{"taxonomy":"category","embeddable":true,"href":"https:\/\/consumers-views.com\/hu\/wp-json\/wp\/v2\/categories?post=89122"},{"taxonomy":"post_tag","embeddable":true,"href":"https:\/\/consumers-views.com\/hu\/wp-json\/wp\/v2\/tags?post=89122"}],"curies":[{"name":"wp","href":"https:\/\/api.w.org\/{rel}","templated":true}]}}