{"id":76233,"date":"2022-04-26T14:30:36","date_gmt":"2022-04-26T12:30:36","guid":{"rendered":"https:\/\/consumers-views.com\/hu\/?p=76233"},"modified":"2023-01-04T15:00:45","modified_gmt":"2023-01-04T14:00:45","slug":"erisil-plus","status":"publish","type":"post","link":"https:\/\/consumers-views.com\/hu\/erisil-plus\/","title":{"rendered":"Erisil Plus &#8211; kapszula az erekci\u00f3 jav\u00edt\u00e1s\u00e1ra \u00e9s a prosztata eg\u00e9szs\u00e9g\u00e9nek meg\u0151rz\u00e9s\u00e9re"},"content":{"rendered":"\n<p>A f\u00e9rfiak szexu\u00e1lis teljes\u00edtm\u00e9nye sz\u00e1mos, <strong>ugyanolyan fontos t\u00e9nyez\u0151t\u0151l<\/strong> f\u00fcgg, de ha nem gondoskodnak r\u00f3la megfelel\u0151en, neh\u00e9z lehet fenntartani id\u0151s korig. Az egyik leggyakoribb rendelleness\u00e9g a <strong>norm\u00e1lis, er\u0151s erekci\u00f3<\/strong> el\u00e9r\u00e9s\u00e9nek neh\u00e9zs\u00e9ge, amelyet a <strong>prosztata<\/strong> vagy a <strong>prosztata<\/strong> mirigy <strong>probl\u00e9m\u00e1i<\/strong> okozhatnak. Mindk\u00e9t betegs\u00e9get meg lehet sz\u00fcntetni egy megfelel\u0151en kiv\u00e1lasztott \u00e9trend-kieg\u00e9sz\u00edt\u0151vel, <strong>term\u00e9szetes, n\u00f6v\u00e9nyi, de er\u0151s \u00f6sszet\u00e9tel\u0171<\/strong>, \u00e9s ezeket a felt\u00e9teleket sz\u00e1z sz\u00e1zal\u00e9kban teljes\u00edti a <strong><a href=\"\/go-erisilplus\">Erisil Plus<\/a> <\/strong>.<\/p>\n\n\n\n<h2 class=\"wp-block-heading\">Milyen hat\u00e1ssal van a prosztata a f\u00e9rfi term\u00e9kenys\u00e9gre?<\/h2>\n\n\n\n<p>A prosztata egy kis mirigy, amely <strong>csak a f\u00e9rfiakn\u00e1l<\/strong> tal\u00e1lhat\u00f3, \u00e9s amelynek kis m\u00e9rete nem t\u00fckr\u00f6zi a fontos funkci\u00f3it. A medence als\u00f3 r\u00e9sz\u00e9n, k\u00f6zvetlen\u00fcl a h\u00fagyh\u00f3lyag alatt helyezkedik el, ugyanakkor a v\u00e9gb\u00e9l ter\u00fclet\u00e9hez t\u00e1maszkodik, \u00e9s a h\u00fagycs\u0151 a <strong>k\u00f6zep\u00e9n<\/strong> halad \u00e1t. A prosztata n\u00f6veked\u00e9se a <strong>tesztoszteron megfelel\u0151 szintj\u00e9nek<\/strong> fenntart\u00e1s\u00e1t\u00f3l f\u00fcgg a szervezetben, amelyet nem ok n\u00e9lk\u00fcl neveznek a legfontosabb f\u00e9rfi nemi hormonnak. Mag\u00e1nak a prosztat\u00e1nak <strong>k\u00e9t nagyon fontos funkci\u00f3ja<\/strong>van:<\/p>\n\n\n\n<ul class=\"wp-block-list\">\n<li>r\u00e9szt vesz az ond\u00f3folyad\u00e9k termel\u00e9s\u00e9nek folyamat\u00e1ban, amelynek k\u00f6sz\u00f6nhet\u0151en a spermiumok mozogni tudnak, \u00e9s sz\u00e1mos t\u00e1panyag jelenl\u00e9te lehet\u0151v\u00e9 teszi sz\u00e1mukra, hogy a testen k\u00edv\u00fcl is t\u00fal\u00e9ljenek;<\/li>\n\n\n\n<li>meghat\u00e1rozza a megfelel\u0151 mag\u00f6ml\u00e9st, amely n\u00e9lk\u00fcl a megterm\u00e9keny\u00edt\u00e9s nem t\u00f6rt\u00e9nhetne meg, \u00e9s felel\u0151s a prosztata simaizmainak \u00f6sszeh\u00faz\u00f3d\u00e1s\u00e1\u00e9rt.<\/li>\n<\/ul>\n\n\n\n<h2 class=\"wp-block-heading\">Befoly\u00e1solj\u00e1k-e a prosztata betegs\u00e9gek az erekci\u00f3t?<\/h2>\n\n\n\n<p>Hat\u00e1rozottan igen, k\u00fcl\u00f6n\u00f6sen a <strong>hipertr\u00f3fia<\/strong>, vagyis a <strong>m\u00e9ret<\/strong> ellen\u0151rizetlen <strong>n\u00f6veked\u00e9se<\/strong>, amely m\u00e1r t\u00e1rsadalmi betegs\u00e9gnek sz\u00e1m\u00edt. A prosztata eg\u00e9szs\u00e9g\u00e9nek elhanyagol\u00e1sa a <strong>40<\/strong> \u00e9v feletti f\u00e9rfiak <strong>k\u00f6zel fel\u00e9t<\/strong> \u00e9rinti, ami ugyanakkor <strong>negat\u00edvan<\/strong> hat a szexu\u00e1lis \u00e9let\u00fckre, \u00e9s n\u00f6veli az erekci\u00f3s probl\u00e9m\u00e1kat. A kezeletlen prosztata hipertr\u00f3fia <strong>r\u00e1k kialakul\u00e1s\u00e1hoz<\/strong> is vezethet, ez\u00e9rt \u00e9rdemes rendszeresen <a href=\"\/go-erisilplus\">Erisil Plus<\/a> kapszul\u00e1t szedni, hogy <strong>t\u00e1mogassuk<\/strong> ennek a nagyon fontos szervnek a <strong>m\u0171k\u00f6d\u00e9s\u00e9t<\/strong>.<\/p>\n\n\n\n<h2 class=\"wp-block-heading\">Milyen egy\u00e9b okai vannak a mereved\u00e9si zavarnak?<\/h2>\n\n\n\n<p>Term\u00e9szetesen a prosztataprobl\u00e9m\u00e1k<strong> nem az egyetlen ok<\/strong>, ami\u00e9rt az erekci\u00f3 <strong>messze nem ide\u00e1lis<\/strong>. Ugyanilyen gyakran okozza ezt a kedvez\u0151tlen \u00e9s kiss\u00e9 k\u00ednos helyzetet:<\/p>\n\n\n\n<ul class=\"wp-block-list\">\n<li>a<strong>stressz<\/strong>, korunk m\u00e1sik civiliz\u00e1ci\u00f3s betegs\u00e9ge, amely, ha nem l\u00e9p\u00fcnk fel ellene, a testi \u00e9s lelki eg\u00e9szs\u00e9g szinte minden aspektus\u00e1t megzavarhatja, \u00e9s n\u00e9ha teljesen megzavarja az erekci\u00f3 lehet\u0151s\u00e9g\u00e9t;<\/li>\n\n\n\n<li>a<strong> rossz \u00e9trend<\/strong>, a legt\u00f6bb f\u00e9rfi \u00e1tka, akik hajlamosak eg\u00e9szs\u00e9gtelen, eg\u00e9szs\u00e9gtelen \u00e9teleket fogyasztani, amelyek szinte teljesen n\u00e9lk\u00fcl\u00f6zik a legyeng\u00fclt libid\u00f3 \u00e9s a prosztata t\u00e1mogat\u00e1s\u00e1hoz sz\u00fcks\u00e9ges t\u00e1panyagokat. A vitaminok \u00e9s \u00e1sv\u00e1nyi anyagok hi\u00e1nya szint\u00e9n a t\u00fals\u00faly \u00e9s az elh\u00edz\u00e1s n\u00f6veked\u00e9s\u00e9hez vezet, \u00e9s ezeket az Erisil Plus \u00e9trend-kieg\u00e9sz\u00edt\u0151vel egy\u00fctt p\u00f3tolhatjuk;<\/li>\n\n\n\n<li><strong>\u00dcl\u0151 \u00e9letm\u00f3d<\/strong>, a legkisebb aj\u00e1nlott fizikai aktivit\u00e1s hi\u00e1nya, ami sz\u00edv- \u00e9s kering\u00e9si rendszer megbeteged\u00e9seket okoz, \u00edgy a v\u00e9r\u00e1raml\u00e1s megszakad, ami nem jut el megfelel\u0151en az intim ter\u00fcletre;<\/li>\n\n\n\n<li>az<strong>alkoholfogyaszt\u00e1s<\/strong>, amely nemcsak a libid\u00f3 teljes elveszt\u00e9s\u00e9t, hanem a prosztata megbeteged\u00e9seinek, k\u00f6zt\u00fck a legs\u00falyosabb r\u00e1kos megbeteged\u00e9sek kialakul\u00e1s\u00e1nak nagyobb kock\u00e1zat\u00e1t is okozza.<\/li>\n<\/ul>\n\n\n<div class=\"wp-block-image\">\n<figure class=\"aligncenter size-full is-resized\"><figure id=\"attachment_8820\" class=\"alignnone width-full\" style=\"width: 207px;\"><a href=\"\/go-erisilplus\"><img loading=\"lazy\" decoding=\"async\" data-caption=\"\" src=\"https:\/\/consumers-views.com\/hu\/wp-content\/uploads\/2022\/04\/Erisil-Plus-PRO-01.jpg\" alt=\" erisil plus\" class=\"wp-image-8820\" width=\"207\" height=\"300\" title=\"\"><\/a><\/figure><\/figure>\n<\/div>\n\n\n<p class=\"has-text-align-center has-ast-global-color-5-color has-text-color has-background\" style=\"background-color:#ff6900;font-size:24px\"><strong><a href=\"\/go-erisilplus\" target=\"_blank\" rel=\"noreferrer noopener nofollow\">RENDEL\u00c9S ERISIL PLUSZ MOST<\/a> <\/strong><\/p>\n\n\n\n<h2 class=\"wp-block-heading\">Milyen \u00f6sszetev\u0151kt\u0151l f\u00fcgg az Erisil Plus hat\u00e9konys\u00e1ga?<\/h2>\n\n\n\n<p>A mereved\u00e9si probl\u00e9m\u00e1k \u00e9s a prosztatabetegs\u00e9gek mindenk\u00e9ppen<strong> megmentend\u0151ek<\/strong>, ez\u00e9rt fontos gondoskodni a megfelel\u0151 <strong>megel\u0151z\u00e9sr\u0151l<\/strong>. A kiegyens\u00falyozott t\u00e1pl\u00e1lkoz\u00e1s \u00e9s a napi testmozg\u00e1s mellett a friss leveg\u0151n val\u00f3 mozg\u00e1s egyik eleme az <strong> <a href=\"\/go-erisilplus\">Erisil Plus<\/a> <\/strong> kapszula kell, hogy legyen. A gy\u00e1rt\u00f3 \u00e1ltal gondosan kiv\u00e1lasztott <strong>hat\u00f3anyagok<\/strong> a lehet\u0151 <strong>leghat\u00e9konyabbak<\/strong>, \u00e9s ezek felel\u0151sek a meger\u0151s\u00edtett hat\u00e1sok\u00e9rt. Ezek is teljesen biztons\u00e1gosak \u00e9s <strong>nem okoznak mell\u00e9khat\u00e1sokat<\/strong>, \u00e9s mindegyik tartalmaz:<\/p>\n\n\n\n<h3 class=\"wp-block-heading\">Sabeet\u2122<\/h3>\n\n\n<div class=\"wp-block-image\">\n<figure class=\"alignright size-full is-resized\"><figure id=\"attachment_8823\" class=\"alignnone width-full\" style=\"width: 253px;\"><img loading=\"lazy\" decoding=\"async\" data-caption=\"\" src=\"https:\/\/consumers-views.com\/hu\/wp-content\/uploads\/2022\/04\/Depositphotos_51155727_S.jpg\" alt=\" r\u00e9pa\" class=\"wp-image-8823\" width=\"253\" height=\"170\" title=\"\"><\/figure><\/figure>\n<\/div>\n\n\n<p>Az els\u0151 a h\u00e1rom egyed\u00fcl\u00e1ll\u00f3, szabadalmaztatott hat\u00f3anyag k\u00f6z\u00fcl, amelyeknek sokr\u00e9t\u0171 hat\u00e1suk van, ami a Sabeet\u2122, a <strong>c\u00e9klakivonat<\/strong> eset\u00e9ben a k\u00f6vetkez\u0151kben mer\u00fcl ki:<\/p>\n\n\n\n<ul class=\"wp-block-list\">\n<li>el\u0151seg\u00edti a kiv\u00e9telesen er\u0151s erekci\u00f3 el\u00e9r\u00e9s\u00e9t, amely k\u00f6nnyen fenntarthat\u00f3 a k\u00f6z\u00f6s\u00fcl\u00e9s sor\u00e1n;<\/li>\n\n\n\n<li>a meggyeng\u00fclt \u00e9rfalak meger\u0151s\u00edt\u00e9se;<\/li>\n\n\n\n<li>N\u00f6veli a nitrog\u00e9n-oxid szint\u00e9zis\u00e9t, \u00e9s ez\u00e1ltal jav\u00edtja a v\u00e9r\u00e1raml\u00e1st;<\/li>\n\n\n\n<li>a v\u00e9rnyom\u00e1s szab\u00e1lyoz\u00e1sa.<\/li>\n<\/ul>\n\n\n\n<h3 class=\"wp-block-heading\">Saffr&#8217;Activ\u00ae<\/h3>\n\n\n<div class=\"wp-block-image\">\n<figure class=\"alignright size-full is-resized\"><figure id=\"attachment_8824\" class=\"alignnone width-full\" style=\"width: 257px;\"><img loading=\"lazy\" decoding=\"async\" data-caption=\"\" src=\"https:\/\/consumers-views.com\/hu\/wp-content\/uploads\/2022\/04\/Depositphotos_29657249_S.jpg\" alt=\" s\u00e1fr\u00e1ny\" class=\"wp-image-8824\" width=\"257\" height=\"170\" title=\"\"><\/figure><\/figure>\n<\/div>\n\n\n<p>Egy m\u00e1sik egyed\u00fcl\u00e1ll\u00f3 \u00f6sszetev\u0151, a vil\u00e1g legdr\u00e1g\u00e1bb f\u0171szer\u00e9nek, a <strong>s\u00e1fr\u00e1nynak a vir\u00e1gpor\u00e1b\u00f3l<\/strong> nyert kivonat, amely szint\u00e9n sz\u00e1mos <strong>\u00e9rt\u00e9kes gy\u00f3gy\u00edt\u00f3 tulajdons\u00e1ggal<\/strong> rendelkezik. Ez a Saffr&#8217;Activ\u00ae tulajdons\u00e1gait a benne tal\u00e1lhat\u00f3 t\u00e1panyagoknak, f\u0151k\u00e9nt flavonoidoknak \u00e9s karotinoidoknak k\u00f6sz\u00f6nhet\u0151:<\/p>\n\n\n\n<ul class=\"wp-block-list\">\n<li>antioxid\u00e1ns, amely elt\u00e1vol\u00edtja a vesz\u00e9lyes szabad gy\u00f6k\u00f6ket a szervezetb\u0151l;<\/li>\n\n\n\n<li>teljesen \u00faj szintre emeli a libid\u00f3t;<\/li>\n\n\n\n<li>seg\u00edt megbirk\u00f3zni a stressz negat\u00edv hat\u00e1saival, gyorsan helyre\u00e1ll\u00edtva a megbomlott \u00e9rzelmi egyens\u00falyt.<\/li>\n<\/ul>\n\n\n\n<h3 class=\"wp-block-heading\">Macarade\u2122<\/h3>\n\n\n<div class=\"wp-block-image\">\n<figure class=\"alignright size-full is-resized\"><figure id=\"attachment_2747\" class=\"alignnone width-full\" style=\"width: 259px;\"><img loading=\"lazy\" decoding=\"async\" data-caption=\"\" src=\"https:\/\/consumers-views.com\/hu\/wp-content\/uploads\/2022\/04\/korzeC584-maca-02.jpg\" alt=\" maca gy\u00f6k\u00e9r\" class=\"wp-image-2747\" width=\"259\" height=\"170\" title=\"\"><\/figure><\/figure>\n<\/div>\n\n\n<p>Kivonat egy er\u0151s term\u00e9szetes afrodizi\u00e1kumb\u00f3l, <strong>Maca gy\u00f6k\u00e9r<\/strong>m\u00e1s n\u00e9ven perui ginzeng, tele van a <strong>f\u00e9rfiass\u00e1got el\u0151seg\u00edt\u0151 \u00f6sszetev\u0151kkel<\/strong>. A-vitamint, B-vitaminokat, nagy d\u00f3zis\u00fa C-vitamint, \u00e1sv\u00e1nyi anyagokat, k\u00f6zt\u00fck rezet, cinket, mang\u00e1nt \u00e9s vasat, valamint \u00e9rt\u00e9kes Omega 3 zs\u00edrsavakat tartalmaz. Ez teszi a Macarade\u2122 el\u0151ny\u00f6ss\u00e9:<\/p>\n\n\n\n<ul class=\"wp-block-list\">\n<li>jobb hat\u00e9konys\u00e1g;<\/li>\n\n\n\n<li>megn\u00f6vekedett term\u00e9kenys\u00e9g a spermiumok nagyobb \u00e9letk\u00e9pess\u00e9ge \u00e9s mozg\u00e9konys\u00e1ga r\u00e9v\u00e9n;<\/li>\n\n\n\n<li>a stresszel val\u00f3 hat\u00e9konyabb megbirk\u00f3z\u00e1s;<\/li>\n\n\n\n<li>a legyeng\u00fclt test \u00e1ll\u00f3k\u00e9pess\u00e9g\u00e9nek \u00e9s fizikai \u00e1llapot\u00e1nak jav\u00edt\u00e1sa.<\/li>\n<\/ul>\n\n\n\n<h3 class=\"wp-block-heading\">Citrullin-mal\u00e1t<\/h3>\n\n\n<div class=\"wp-block-image\">\n<figure class=\"alignright size-full is-resized\"><figure id=\"attachment_8825\" class=\"alignnone width-full\" style=\"width: 260px;\"><img loading=\"lazy\" decoding=\"async\" data-caption=\"\" src=\"https:\/\/consumers-views.com\/hu\/wp-content\/uploads\/2022\/04\/Depositphotos_492570332_S.jpg\" alt=\" almal\u00e9\" class=\"wp-image-8825\" width=\"260\" height=\"170\" title=\"\"><\/figure><\/figure>\n<\/div>\n\n\n<p>A <strong>citrullin \u00e9s az almasav<\/strong> kombin\u00e1l\u00e1s\u00e1val k\u00e9pz\u0151d\u00f6tt vegy\u00fclet, amely sz\u00e1mos eg\u00e9szs\u00e9gjav\u00edt\u00f3 hat\u00e1ssal rendelkezik, ennek k\u00f6sz\u00f6nhet\u0151en az Erisil Plus-ben is haszn\u00e1lj\u00e1k. A gy\u00e1rt\u00f3 ezt a kieg\u00e9sz\u00edt\u00e9st mindenekel\u0151tt \u00e9rt\u00e9kelte:<\/p>\n\n\n\n<ul class=\"wp-block-list\">\n<li>a nitrog\u00e9n-oxid termel\u00e9si folyamatok fokoz\u00e1sa, az erek t\u00e1gul\u00e1sa \u00e9s a v\u00e9r\u00e1raml\u00e1s n\u00f6vel\u00e9se, a p\u00e9niszhez is;<\/li>\n\n\n\n<li>potencian\u00f6vel\u00e9s;<\/li>\n\n\n\n<li>nagyobb fizikai teljes\u00edtm\u00e9ny \u00e9s kitart\u00e1s, ami szint\u00e9n sz\u00fcks\u00e9ges az akt\u00edv szexu\u00e1lis \u00e9lethez.<\/li>\n<\/ul>\n\n\n\n<h3 class=\"wp-block-heading\">Damiana levelek kivonata<\/h3>\n\n\n<div class=\"wp-block-image\">\n<figure class=\"alignright size-full is-resized\"><figure id=\"attachment_2124\" class=\"alignnone width-full\" style=\"width: 259px;\"><img loading=\"lazy\" decoding=\"async\" data-caption=\"\" src=\"https:\/\/consumers-views.com\/hu\/wp-content\/uploads\/2022\/04\/lisc-damiana.png\" alt=\" damiana lev\u00e9l\" class=\"wp-image-2124\" width=\"259\" height=\"170\" title=\"\"><\/figure><\/figure>\n<\/div>\n\n\n<p>Egy m\u00e1sik<strong> er\u0151s term\u00e9szetes afrodizi\u00e1kum<\/strong>, amely szint\u00e9n sz\u00e1mos flavonoidot, ill\u00f3olajat \u00e9s n\u00f6v\u00e9nyi szterolokat tartalmaz. Ezenk\u00edv\u00fcl aszkorbinsavat, azaz C-vitamint tartalmaz, amely antioxid\u00e1ns, valamint nagy mennyis\u00e9g\u0171 cinket, rezet, vasat \u00e9s magn\u00e9ziumot, ami a levelek Damiana tulajdons\u00e1gait adja:<\/p>\n\n\n\n<ul class=\"wp-block-list\">\n<li>a libid\u00f3 \u00e9s az \u00e9lvezet n\u00f6vel\u00e9se a k\u00f6z\u00f6s\u00fcl\u00e9s sor\u00e1n;<\/li>\n\n\n\n<li>a p\u00e9nisz v\u00e9rell\u00e1t\u00e1s\u00e1nak jav\u00edt\u00e1sa, ami megk\u00f6nny\u00edti az erekci\u00f3 el\u00e9r\u00e9s\u00e9t;<\/li>\n\n\n\n<li>a megfelel\u0151 tesztoszteronszint fenntart\u00e1sa;<\/li>\n\n\n\n<li>antibakteri\u00e1lis \u00e9s gyullad\u00e1scs\u00f6kkent\u0151 tulajdons\u00e1gokkal rendelkezik a prosztata eg\u00e9szs\u00e9g\u00e9nek meg\u0151rz\u00e9se \u00e9rdek\u00e9ben;<\/li>\n\n\n\n<li>megv\u00e9di a szervezetet a stressz hat\u00e1sait\u00f3l.<\/li>\n<\/ul>\n\n\n\n<h3 class=\"wp-block-heading\">Koreai ginseng gy\u00f6k\u00e9r kivonat<\/h3>\n\n\n<div class=\"wp-block-image\">\n<figure class=\"alignright size-full is-resized\"><figure id=\"attachment_291\" class=\"alignnone width-full\" style=\"width: 253px;\"><img loading=\"lazy\" decoding=\"async\" data-caption=\"\" src=\"https:\/\/consumers-views.com\/hu\/wp-content\/uploads\/2022\/04\/zen-szen-koreanski-2.jpg\" alt=\" Koreai ginseng\" class=\"wp-image-291\" width=\"253\" height=\"170\" title=\"\"><\/figure><\/figure>\n<\/div>\n\n\n<p>Gy\u00f3gy\u00edt\u00f3 tulajdons\u00e1gai <strong>\u00e9vezredek \u00f3ta ismertek<\/strong>, \u00edgy az Erisil Plus-be is be kellett ker\u00fclnie. Hat\u00e1s\u00e1t k\u00f6zvetlen\u00fcl befoly\u00e1solja a szaponinok, a B1-vitamin, azaz a tiamin, a B4-vitamin, a kolin, a C-vitamin \u00e9s az E-vitamin nagy mennyis\u00e9ge, amelyeknek k\u00f6sz\u00f6nhet\u0151en a koreai ginzeng pozit\u00edv hat\u00e1ssal van:<\/p>\n\n\n\n<ul class=\"wp-block-list\">\n<li>a legyeng\u00fclt immunrendszer er\u0151s\u00edt\u00e9se;<\/li>\n\n\n\n<li>a szexu\u00e1lis \u00e9let min\u0151s\u00e9g\u00e9nek jav\u00edt\u00e1sa a megn\u00f6vekedett tesztoszteron termel\u00e9snek k\u00f6sz\u00f6nhet\u0151en;<\/li>\n\n\n\n<li>er\u0151sebb erekci\u00f3, mint valaha;<\/li>\n\n\n\n<li>nagy adag energi\u00e1t biztos\u00edt, ami a szexhez \u00e9s az er\u0151sebb vitalit\u00e1shoz is sz\u00fcks\u00e9ges.<\/li>\n<\/ul>\n\n\n\n<h3 class=\"wp-block-heading\">T\u00f6kmag kivonat<\/h3>\n\n\n<div class=\"wp-block-image\">\n<figure class=\"alignright size-full is-resized\"><figure id=\"attachment_2040\" class=\"alignnone width-full\" style=\"width: 260px;\"><img loading=\"lazy\" decoding=\"async\" data-caption=\"\" src=\"https:\/\/consumers-views.com\/hu\/wp-content\/uploads\/2022\/04\/nasiona-dyni-1.png\" alt=\" t\u00f6kmag\" class=\"wp-image-2040\" width=\"260\" height=\"170\" title=\"\"><\/figure><\/figure>\n<\/div>\n\n\n<p>Jelenl\u00e9te ebben a k\u00fcl\u00f6nleges \u00e9trend-kieg\u00e9sz\u00edt\u0151ben a f\u00e9rfi eg\u00e9szs\u00e9get el\u0151seg\u00edt\u0151<strong> t\u00e1panyagokban gazdag<\/strong> \u00f6sszet\u00e9tel\u00e9nek is k\u00f6sz\u00f6nhet\u0151. Gy\u00f3gy\u00edt\u00f3 tulajdons\u00e1gait az A-vitamin, a B-vitaminok, a C-vitamin \u00e9s egy sor \u00e1sv\u00e1nyi s\u00f3 biztos\u00edtja, amelyeknek k\u00f6sz\u00f6nhet\u0151en a t\u00f6kmagkivonat al\u00e1bbi hat\u00e1saira sz\u00e1m\u00edthatunk:<\/p>\n\n\n\n<ul class=\"wp-block-list\">\n<li>a tesztoszteron mindig a megfelel\u0151 szinten van;<\/li>\n\n\n\n<li>eg\u00e9szs\u00e9ges \u00e9s j\u00f3l m\u0171k\u00f6d\u0151 prosztata;<\/li>\n\n\n\n<li>Fokozott potencia \u00e9s fokozott nemi v\u00e1gy.<\/li>\n<\/ul>\n\n\n\n<h3 class=\"wp-block-heading\">\u00c9desgy\u00f6k\u00e9r gy\u00f6k\u00e9r kivonat<\/h3>\n\n\n<div class=\"wp-block-image\">\n<figure class=\"alignright size-full is-resized\"><figure id=\"attachment_8827\" class=\"alignnone width-full\" style=\"width: 259px;\"><img loading=\"lazy\" decoding=\"async\" data-caption=\"\" src=\"https:\/\/consumers-views.com\/hu\/wp-content\/uploads\/2022\/04\/Depositphotos_33987693_S.jpg\" alt=\" \u00c9desgy\u00f6k\u00e9r\" class=\"wp-image-8827\" width=\"259\" height=\"170\" title=\"\"><\/figure><\/figure>\n<\/div>\n\n\n<p>Sz\u00e9les k\u00f6rben \u00e9s r\u00e9g\u00f3ta <strong>haszn\u00e1lj\u00e1k a term\u00e9szetes gy\u00f3gy\u00e1szatban<\/strong>olyan hat\u00f3anyagainak k\u00f6sz\u00f6nhet\u0151en, mint a triterp\u00e9n szaponinok, flavonoidok, poliszacharidok \u00e9s ill\u00f3olajok. Ezeknek k\u00f6sz\u00f6nhet\u0151en j\u00f3t\u00e9kony hat\u00e1ssal van az <strong>eg\u00e9szs\u00e9g sz\u00e1mos aspektus\u00e1ra<\/strong>, t\u00f6bbek k\u00f6z\u00f6tt enyh\u00edti az em\u00e9szt\u00e9si zavarokat vagy a csontritkul\u00e1s hat\u00e1sait, \u00e9s az Erisil Plus-ben van egy funkci\u00f3ja:<\/p>\n\n\n\n<ul class=\"wp-block-list\">\n<li>a prosztata n\u00f6veked\u00e9s\u00e9nek ellens\u00falyoz\u00e1sa;<\/li>\n\n\n\n<li>a h\u00fagy\u00fati rendszer m\u0171k\u00f6d\u00e9s\u00e9nek jav\u00edt\u00e1sa;<\/li>\n\n\n\n<li>seg\u00edt a v\u00edrusos, gomb\u00e1s \u00e9s bakteri\u00e1lis fert\u0151z\u00e9sek lek\u00fczd\u00e9s\u00e9ben;<\/li>\n\n\n\n<li>energiaell\u00e1t\u00e1s.<\/li>\n<\/ul>\n\n\n\n<h3 class=\"wp-block-heading\">BioPerine\u00ae<\/h3>\n\n\n<div class=\"wp-block-image\">\n<figure class=\"alignright size-full is-resized\"><figure id=\"attachment_8828\" class=\"alignnone width-full\" style=\"width: 259px;\"><img loading=\"lazy\" decoding=\"async\" data-caption=\"\" src=\"https:\/\/consumers-views.com\/hu\/wp-content\/uploads\/2022\/04\/Depositphotos_86465888_XL.jpg\" alt=\" fekete bors\" class=\"wp-image-8828\" width=\"259\" height=\"170\" title=\"\"><\/figure><\/figure>\n<\/div>\n\n\n<p>A <strong>fekete borsszemek h\u00e9j\u00e1b\u00f3l<\/strong> kivont anyag, amely \u00e9rt\u00e9kes alkaloiddal l\u00e1tja el a szervezetet, <strong>piperines<\/strong>. Nemcsak a fogy\u00e1st t\u00e1mogat\u00f3 k\u00e9sz\u00edtm\u00e9nyekben haszn\u00e1lj\u00e1k, hanem a hanyatl\u00f3 f\u00e9rfi libid\u00f3 er\u0151s\u00edt\u00e9s\u00e9re is. A piperin<strong> rendk\u00edv\u00fcl sokf\u00e9le tev\u00e9kenys\u00e9ggel<\/strong> rendelkezik, t\u00f6bbek k\u00f6z\u00f6tt antioxid\u00e1ns, \u00e9s ezekben a kapszul\u00e1kban a k\u00f6vetkez\u0151k\u00e9rt felel\u0151s:<\/p>\n\n\n\n<ul class=\"wp-block-list\">\n<li>m\u00e1s t\u00e1panyagok jobb felsz\u00edv\u00f3d\u00e1sa;<\/li>\n\n\n\n<li>jobb v\u00e9rkering\u00e9s, bele\u00e9rtve a p\u00e9nisz v\u00e9rell\u00e1t\u00e1s\u00e1t is;<\/li>\n\n\n\n<li>hat\u00e9konyabb immunrendszer;<\/li>\n\n\n\n<li>fokozott libid\u00f3.<\/li>\n<\/ul>\n\n\n\n<h3 class=\"wp-block-heading\">Extra adag E-vitamin \u00e9s cink<\/h3>\n\n\n\n<p>Az Erisil Plus k\u00e9t utols\u00f3 \u00f6sszetev\u0151je <strong>elengedhetetlen<\/strong> a tart\u00f3san eg\u00e9szs\u00e9ges prosztata \u00e9s az er\u0151s erekci\u00f3 szempontj\u00e1b\u00f3l. Ez\u00e9rt d\u00f6nt\u00f6tt \u00fagy a gy\u00e1rt\u00f3, hogy <strong>tov\u00e1bbi adagokat haszn\u00e1l<\/strong>:<\/p>\n\n\n\n<ul class=\"wp-block-list\">\n<li><strong>E-vitamin<\/strong>, egy m\u00e1sik er\u0151s antioxid\u00e1ns, amely nem ad es\u00e9lyt a szabad gy\u00f6k\u00f6knek, jav\u00edtja a sz\u00edvm\u0171k\u00f6d\u00e9st, er\u0151s\u00edti az \u00e1rny\u00e9koltJav\u00edtja a sz\u00edvm\u0171k\u00f6d\u00e9st, er\u0151s\u00edti az erek pajzsfal\u00e1t, \u00e9s sz\u00e1mos, a term\u00e9kenys\u00e9get t\u00e1mogat\u00f3 hormon helyes termel\u00e9s\u00e9t felt\u00e9telezi;<\/li>\n\n\n\n<li><strong>cink<\/strong>Fontos a prosztata \u00e1pol\u00e1sa is, amelyet a term\u00e9kenys\u00e9g szempontj\u00e1b\u00f3l l\u00e9nyeges elemnek tartanak, hogy fenntarts\u00e1k a potenci\u00e1nak \u00e9s a prosztat\u00e1nak kedvez\u0151 tesztoszteronszintet.<\/li>\n<\/ul>\n\n\n\n<h2 class=\"wp-block-heading\">Mi\u00e9rt haszn\u00e1lja az Erisil Plus-et?<\/h2>\n\n\n<div class=\"wp-block-image\">\n<figure class=\"alignright size-full is-resized\"><figure id=\"attachment_8819\" class=\"alignnone width-full\" style=\"width: 203px;\"><a href=\"\/go-erisilplus\"><img loading=\"lazy\" decoding=\"async\" data-caption=\"\" src=\"https:\/\/consumers-views.com\/hu\/wp-content\/uploads\/2022\/04\/Erisil-Plus-AM-04.jpg\" alt=\" Erisil Plus\" class=\"wp-image-8819\" width=\"203\" height=\"270\" title=\"\"><\/a><\/figure><\/figure>\n<\/div>\n\n\n<p>Az ilyen gazdag \u00e9s j\u00f3l \u00e1tgondolt \u00f6sszet\u00e9tel automatikusan leford\u00edtja a <strong>kapszul\u00e1k hat\u00e9konys\u00e1g\u00e1t a mereved\u00e9si zavarok ellen, \u00e9s seg\u00edt fenntartani az eg\u00e9szs\u00e9ges prosztat\u00e1t<\/strong> eg\u00e9szen az \u00f6regkorig. Pontosan ez az, amir\u0151l sz\u00f3 van <strong><a href=\"\/go-erisilplus\">Erisil Plus<\/a> <\/strong>Az Erisil Plus-et az ilyen t\u00edpus\u00fa betegs\u00e9gek szakemberei \u00e9s a f\u00e9rfiak dics\u00e9rik, akik ennek k\u00f6sz\u00f6nhet\u0151en <strong>akt\u00edv \u00e9s kiel\u00e9g\u00edt\u0151<\/strong> szexu\u00e1lis \u00e9letet \u00e9lvezhetnek. Mindk\u00e9t csoport<strong>hat\u00e1rozottan pozit\u00edv \u00e9s magas min\u0151s\u00edt\u00e9st<\/strong>ad az Erisil Plus-nek<strong>, kiemelve a v\u00e9lem\u00e9ny\u00fckben<\/strong>:<\/p>\n\n\n\n<ul class=\"wp-block-list\">\n<li>Kiz\u00e1r\u00f3lag term\u00e9szetes, n\u00f6v\u00e9nyi alap\u00fa \u00f6sszetev\u0151k haszn\u00e1lata;<\/li>\n\n\n\n<li>er\u0151s \u00e9s tart\u00f3s erekci\u00f3;<\/li>\n\n\n\n<li>a f\u00e9rfi reprodukt\u00edv rendszer, bele\u00e9rtve a prosztat\u00e1t is, eg\u00e9szs\u00e9g\u00e9nek meg\u0151rz\u00e9se;<\/li>\n\n\n\n<li>nincs negat\u00edv hat\u00e1sa a stressznek;<\/li>\n\n\n\n<li>nagyobb \u00f6nbizalom \u00e9s fokozott szexu\u00e1lis v\u00e1gy;<\/li>\n\n\n\n<li>a megfelel\u0151 tesztoszteronszint folyamatos fenntart\u00e1sa;<\/li>\n\n\n\n<li>jobb term\u00e9kenys\u00e9g.<\/li>\n<\/ul>\n\n\n\n<p>A tart\u00f3s hat\u00e1s el\u00e9r\u00e9s\u00e9hez mind\u00f6ssze <strong>3 kapszul\u00e1t<\/strong> kell bevennie, lehet\u0151leg k\u00f6r\u00fclbel\u00fcl f\u00e9l \u00f3r\u00e1val a k\u00f6z\u00f6s\u00fcl\u00e9s el\u0151tt, b\u0151s\u00e9ges v\u00edz fogyaszt\u00e1sa mellett. Mint m\u00e1r eml\u00edtett\u00fck, haszn\u00e1latuk biztons\u00e1gos, mivel nem okoznak <strong> semmilyen mell\u00e9khat\u00e1st<\/strong>, de \u00e9rdemes el\u0151zetesen ellen\u0151rizni, hogy nem <strong>vagy-e allergi\u00e1s valamelyik hat\u00f3anyagra<\/strong>.<\/p>\n\n\n\n<h2 class=\"wp-block-heading\">Hogyan v\u00e1s\u00e1rolhat Erisil Plus-et?<\/h2>\n\n\n\n<p>Ahhoz, hogy csatlakozzon az egyre n\u00f6vekv\u0151 sz\u00e1m\u00fa el\u00e9gedett f\u00e9rfiakhoz, csak annyit kell tennie, hogy a k\u00f6vetkez\u0151 weboldalra megy <strong><a href=\"\/go-erisilplus\">a gy\u00e1rt\u00f3 honlapja<\/a> <\/strong>, amely mag\u00e1t Erisil Plus-et osztja sz\u00e9t. A megrendel\u00e9s a weboldalon tal\u00e1lhat\u00f3 <strong>kapcsolatfelv\u00e9teli \u0171rlap<\/strong> kit\u00f6lt\u00e9s\u00e9vel, a <strong>rendelkez\u00e9sre \u00e1ll\u00f3 csomagok k\u00f6z\u00fcl<\/strong>v\u00e1lasztva t\u00f6rt\u00e9nik:<\/p>\n\n\n\n<ul class=\"wp-block-list\">\n<li>basic, 1 csomag, amely 90 kapszul\u00e1t tartalmaz;<\/li>\n\n\n\n<li>standard, 2 csomag plusz 1 ingyenes csomag, amely 3 h\u00f3napos kezel\u00e9st biztos\u00edt;<\/li>\n\n\n\n<li>optim\u00e1lis, 3 csomag plusz 3 ingyenes, ami ak\u00e1r 6 h\u00f3napos kezel\u00e9sre is elegend\u0151.<\/li>\n<\/ul>\n\n\n\n<p>A rendel\u00e9s v\u00e1rakoz\u00e1si ideje <strong>n\u00e9h\u00e1ny munkanap<\/strong>, fizetni lehet bankk\u00e1rty\u00e1val, haz\u00e1nkban ut\u00e1nv\u00e9tellel is, <strong>k\u00fclf\u00f6ldre<\/strong> is lehet <strong>k\u00fcldeni<\/strong>, de el\u0151zetes fizet\u00e9s ut\u00e1n.<\/p>\n\n\n<div class=\"wp-block-image\">\n<figure class=\"aligncenter size-full is-resized\"><figure id=\"attachment_8818\" class=\"alignnone width-full\" style=\"width: 448px;\"><a href=\"\/go-erisilplus\"><img loading=\"lazy\" decoding=\"async\" data-caption=\"\" src=\"https:\/\/consumers-views.com\/hu\/wp-content\/uploads\/2022\/04\/Erisil-Plus-PRO-09.jpg\" alt=\" Erisil Plus\" class=\"wp-image-8818\" width=\"448\" height=\"300\" title=\"\"><\/a><\/figure><\/figure>\n<\/div>\n\n\n<p class=\"has-text-align-center has-ast-global-color-5-color has-text-color has-background\" style=\"background-color:#ff6900;font-size:24px\"><strong><a href=\"\/go-erisilplus\" target=\"_blank\" rel=\"noreferrer noopener nofollow\">RENDEL\u00c9S ERISIL PLUSZ MOST<\/a> <\/strong><\/p>\n\n\n\n<h4 class=\"wp-block-heading\">Forr\u00e1sok:<\/h4>\n\n\n\n<ul class=\"wp-block-list\">\n<li>https:\/\/www.healthline.com\/health\/all-about-vitamin-e<\/li>\n\n\n\n<li>https:\/\/www.healthline.com\/nutrition\/thiamine-deficiency-symptoms<\/li>\n\n\n\n<li>https:\/\/www.healthline.com\/nutrition\/vitamin-a-benefits<\/li>\n\n\n\n<li>https:\/\/www.healthline.com\/nutrition\/vitamin-c-benefits<\/li>\n\n\n\n<li>https:\/\/www.healthline.com\/health\/what-is-testosterone<\/li>\n\n\n\n<li>https:\/\/www.healthline.com\/nutrition\/benefits-of-maca-root<\/li>\n\n\n\n<li>https:\/\/www.healthline.com\/nutrition\/zinc-supplements<\/li>\n\n\n\n<li>https:\/\/www.healthline.com\/nutrition\/benefits-of-beets<\/li>\n<\/ul>\n","protected":false},"excerpt":{"rendered":"<p>A f\u00e9rfiak szexu\u00e1lis teljes\u00edtm\u00e9nye sz\u00e1mos, ugyanolyan fontos t\u00e9nyez\u0151t\u0151l f\u00fcgg, de ha nem gondoskodnak r\u00f3la megfelel\u0151en, neh\u00e9z lehet fenntartani id\u0151s korig. Az egyik leggyakoribb rendelleness\u00e9g a norm\u00e1lis, er\u0151s erekci\u00f3 el\u00e9r\u00e9s\u00e9nek neh\u00e9zs\u00e9ge, amelyet a prosztata vagy a prosztata mirigy probl\u00e9m\u00e1i okozhatnak. Mindk\u00e9t betegs\u00e9get meg lehet sz\u00fcntetni egy megfelel\u0151en kiv\u00e1lasztott \u00e9trend-kieg\u00e9sz\u00edt\u0151vel, term\u00e9szetes, n\u00f6v\u00e9nyi, de er\u0151s \u00f6sszet\u00e9tel\u0171, \u00e9s ezeket [&hellip;]<\/p>\n","protected":false},"author":1,"featured_media":76232,"comment_status":"open","ping_status":"open","sticky":false,"template":"","format":"standard","meta":{"footnotes":""},"categories":[16],"tags":[],"class_list":["post-76233","post","type-post","status-publish","format-standard","has-post-thumbnail","hentry","category-ferfias-dolgok","box-post"],"_links":{"self":[{"href":"https:\/\/consumers-views.com\/hu\/wp-json\/wp\/v2\/posts\/76233","targetHints":{"allow":["GET"]}}],"collection":[{"href":"https:\/\/consumers-views.com\/hu\/wp-json\/wp\/v2\/posts"}],"about":[{"href":"https:\/\/consumers-views.com\/hu\/wp-json\/wp\/v2\/types\/post"}],"author":[{"embeddable":true,"href":"https:\/\/consumers-views.com\/hu\/wp-json\/wp\/v2\/users\/1"}],"replies":[{"embeddable":true,"href":"https:\/\/consumers-views.com\/hu\/wp-json\/wp\/v2\/comments?post=76233"}],"version-history":[{"count":3,"href":"https:\/\/consumers-views.com\/hu\/wp-json\/wp\/v2\/posts\/76233\/revisions"}],"predecessor-version":[{"id":88571,"href":"https:\/\/consumers-views.com\/hu\/wp-json\/wp\/v2\/posts\/76233\/revisions\/88571"}],"wp:featuredmedia":[{"embeddable":true,"href":"https:\/\/consumers-views.com\/hu\/wp-json\/wp\/v2\/media\/76232"}],"wp:attachment":[{"href":"https:\/\/consumers-views.com\/hu\/wp-json\/wp\/v2\/media?parent=76233"}],"wp:term":[{"taxonomy":"category","embeddable":true,"href":"https:\/\/consumers-views.com\/hu\/wp-json\/wp\/v2\/categories?post=76233"},{"taxonomy":"post_tag","embeddable":true,"href":"https:\/\/consumers-views.com\/hu\/wp-json\/wp\/v2\/tags?post=76233"}],"curies":[{"name":"wp","href":"https:\/\/api.w.org\/{rel}","templated":true}]}}