{"id":2499,"date":"2021-10-06T22:43:09","date_gmt":"2021-10-06T20:43:09","guid":{"rendered":"https:\/\/consumers-views.com\/hu\/?p=2499"},"modified":"2022-04-14T10:47:54","modified_gmt":"2022-04-14T08:47:54","slug":"zinamax","status":"publish","type":"post","link":"https:\/\/consumers-views.com\/hu\/zinamax\/","title":{"rendered":"Zinamax &#8211; tabletta, amely hat\u00e9kony akne \u00e9s egy\u00e9b b\u0151rprobl\u00e9m\u00e1k eset\u00e9n"},"content":{"rendered":"\n<p>Az eg\u00e9szs\u00e9ges, feszes, sima, rugalmas, hib\u00e1kt\u00f3l mentes b\u0151r mind a n\u0151k, mind a f\u00e9rfiak \u00e1lma. Az egyik legbosszant\u00f3bb b\u0151rprobl\u00e9ma, amellyel sokan, minden koroszt\u00e1lyban szembes\u00fclnek, a <strong>pattan\u00e1sok<\/strong>, az arcon, nyakon, h\u00e1ton \u00e9s dekolt\u00e1zson megjelen\u0151 cs\u00fanya \u00e9s gyakran f\u00e1jdalmas pattan\u00e1sok. Kezel\u00e9s\u00fck sok id\u0151t vehet ig\u00e9nybe, amit mindenk\u00e9ppen <strong>meg<\/strong> kell <strong>sp\u00f3rolni<\/strong> a k\u00f6vetkez\u0151kkel <strong><a href=\"\/go-zinamax\">Zinamax<\/a> <\/strong>Mindenk\u00e9ppen \u00e9rdemes sok id\u0151t megsp\u00f3rolni magunknak a <strong>biztons\u00e1gos \u00e9s term\u00e9szetes \u00f6sszet\u00e9tel\u0171<\/strong>, modern, <strong>komplex<\/strong> b\u0151rgy\u00f3gy\u00e1szati tablett\u00e1k haszn\u00e1lat\u00e1val.<\/p>\n\n\n\n<h2 class=\"wp-block-heading\">Pattan\u00e1sok &#8211; mik az okai?<\/h2>\n\n\n\n<div class=\"wp-block-image\"><figure class=\"alignright size-large is-resized\"><figure id=\"attachment_7852\" class=\"alignnone width-full\" style=\"width: 357px;\"><img loading=\"lazy\" decoding=\"async\" data-caption=\"\" src=\"https:\/\/consumers-views.com\/hu\/wp-content\/uploads\/2021\/10\/Depositphotos_38382895_xl-2015.jpg\" alt=\" egy n\u0151 pattan\u00e1sokkal \u00e9s an\u00e9lk\u00fcl\" class=\"wp-image-7852\" width=\"357\" height=\"270\" title=\"\"><\/figure><\/figure><\/div>\n\n\n\n<p>Az akne k\u00fcl\u00f6nb\u00f6z\u0151 form\u00e1i, pl. a k\u00f6z\u00f6ns\u00e9gesakne <em>(acne vulgaris)<\/em>, a vil\u00e1g <strong>leggyakoribb<\/strong> b\u0151rbetegs\u00e9ge, amely emberek milli\u00f3it \u00e9rinti. Tanulm\u00e1nyok azt mutatj\u00e1k, hogy ez m\u00e1r az emberis\u00e9g mintegy <strong>80 sz\u00e1zal\u00e9k\u00e1t<\/strong> \u00e9rinti, kort\u00f3l \u00e9s lak\u00f3helyt\u0151l f\u00fcggetlen\u00fcl. Eg\u00e9szen a k\u00f6zelm\u00faltig serd\u00fcl\u0151kori betegs\u00e9gnek tartott\u00e1k, \u00e9s f\u0151leg fiatalok panaszkodtak a pattan\u00e1sokra. <\/p>\n\n\n\n<p>Ez az \u00e1llapot sajnos kedvez\u0151tlen v\u00e1ltoz\u00e1son ment kereszt\u00fcl, \u00e9s ma m\u00e1r senki sem lep\u0151dik meg azon, ha egy <strong>harmincas vagy m\u00e9g id\u0151sebb ember<\/strong> pattan\u00e1sokkal bor\u00edtott. Az Zinamax seg\u00edthet ebben az esetben, f\u00fcggetlen\u00fcl a pattan\u00e1sok okait\u00f3l, <strong>amelyek leggyakrabban<\/strong> a k\u00f6vetkez\u0151k<\/p>\n\n\n\n<ul class=\"wp-block-list\"><li>a faggy\u00famirigyek rendelleness\u00e9gei, amelyek t\u00falzott faggy\u00fakiv\u00e1laszt\u00e1st eredm\u00e9nyeznek, \u00e9s f\u0151k\u00e9nt fiatalokn\u00e1l fordulnak el\u0151. A norm\u00e1l mennyis\u00e9g\u0171 faggy\u00fa v\u00e9di a b\u0151rt az id\u0151j\u00e1r\u00e1si viszonyokt\u00f3l \u00e9s a kisz\u00e1rad\u00e1st\u00f3l, m\u00edg a t\u00fal sok faggy\u00fa a sz\u0151rt\u00fcsz\u0151k elt\u00f6m\u0151d\u00e9s\u00e9hez \u00e9s gennyes pattan\u00e1sok kialakul\u00e1s\u00e1hoz vezet;<\/li><li>bakteri\u00e1lis vagy gomb\u00e1s fert\u0151z\u00e9sek, amelyek az <em>Propionibacterium acnes<\/em> vagy <em>Propionibacterium avidum<\/em> anaerob bakt\u00e9riumok, illetve az <em>Malassezia furfur<\/em> csal\u00e1dba tartoz\u00f3 gomb\u00e1k hat\u00e1s\u00e1ra alakulnak ki <em>.<\/em> Kialakul\u00e1suk\u00e9rt gyakran mi vagyunk felel\u0151sek, ha elhanyagoljuk a napi arc\u00e1pol\u00e1s higi\u00e9ni\u00e1j\u00e1t, vagy olyan kozmetikumokkal mosunk arcot, amelyek nem illeszkednek a b\u0151r pH-\u00e9rt\u00e9k\u00e9hez;<\/li><li>A rossz \u00e9trend, a b\u0151r eg\u00e9szs\u00e9g\u00e9hez n\u00e9lk\u00fcl\u00f6zhetetlen t\u00e1panyagok, vitaminok \u00e9s \u00e1sv\u00e1nyi anyagok hi\u00e1nya, valamint a gyorsan n\u00f6vekv\u0151 t\u00fals\u00faly vagy elh\u00edz\u00e1s. Sz\u00e1mos term\u00e9k n\u00f6velheti a faggy\u00famirigy szintj\u00e9t, vagy \u00e9ppen ellenkez\u0151leg, kisz\u00e1r\u00edthatja a b\u0151rt, \u00e9s \u00edgy a k\u00fcl\u00f6nb\u00f6z\u0151 t\u00edpus\u00fa pattan\u00e1sok okoz\u00f3j\u00e1v\u00e1 v\u00e1lhat;<\/li><li>genetikai t\u00e9nyez\u0151k, amelyek a betegs\u00e9g kialakul\u00e1s\u00e1ra val\u00f3 hajlam \u00f6r\u00f6kl\u0151d\u00e9s\u00e9t okozz\u00e1k, p\u00e9ld\u00e1ul az egyik sz\u00fcl\u0151t\u0151l;<\/li><li>Hormon\u00e1lis zavarok, amelyek nemcsak a pubert\u00e1skorban, hanem a menopauza, a menopauza idej\u00e9n is el\u0151fordulnak a n\u0151kn\u00e9l \u00e9s az andropauza idej\u00e9n a f\u00e9rfiakn\u00e1l. Fiatal korban a nemi hormonok t\u00faltermel\u0151d\u00e9se, id\u0151sebb korban a szintj\u00fck cs\u00f6kken\u00e9se k\u00f6vetkezik be, amelynek egyik hat\u00e1sa az ekc\u00e9ma megjelen\u00e9se.<\/li><\/ul>\n\n\n\n<p class=\"has-text-align-center has-very-light-gray-color has-luminous-vivid-orange-background-color has-text-color has-background\" style=\"font-size:24px\"><strong><a href=\"\/go-zinamax\" target=\"_blank\" aria-label=\" (opens in a new tab)\" rel=\"noreferrer noopener nofollow\">RENDEL\u00c9S ZINAMAX MOST<\/a> <\/strong><\/p>\n\n\n\n<h2 class=\"wp-block-heading\">Zinamax &#8211; term\u00e9szetes \u00e9s rendk\u00edv\u00fcl hat\u00e9kony formula<\/h2>\n\n\n\n<div class=\"wp-block-image\"><figure class=\"alignright size-large is-resized\"><figure id=\"attachment_7853\" class=\"alignnone width-full\" style=\"width: 193px;\"><a href=\"\/go-zinamax\"><img loading=\"lazy\" decoding=\"async\" data-caption=\"\" src=\"https:\/\/consumers-views.com\/hu\/wp-content\/uploads\/2021\/10\/Zinamax-pro-04.jpg\" alt=\" Zinamax\" class=\"wp-image-7853\" width=\"193\" height=\"295\" title=\"\"><\/a><\/figure><\/figure><\/div>\n\n\n\n<p>A pattan\u00e1sokt\u00f3l val\u00f3 megszabadul\u00e1s <strong>nem k\u00f6nny\u0171<\/strong>, \u00e9s komplex hat\u00e1s\u00fa, <strong>er\u0151s<\/strong>, de ugyanakkor <strong>100%-ban biztons\u00e1gos<\/strong> eszk\u00f6z\u00f6ket ig\u00e9nyel <strong>.<\/strong> Az ilyen k\u00f6vetelm\u00e9nyeket pontosan a k\u00f6vetkez\u0151kkel teljes\u00edtik <strong><a href=\"\/go-zinamax\">Zinamax<\/a> <\/strong>A k\u00e9sz\u00edtm\u00e9nyt szakemberek bevon\u00e1s\u00e1val fejlesztett\u00e9k ki, \u00e9s ennek k\u00f6sz\u00f6nhet\u0151en pontosan a b\u0151r m\u00e9lyebb r\u00e9tegeiben tal\u00e1lhat\u00f3<strong> probl\u00e9m\u00e1k forr\u00e1s\u00e1t<\/strong> tal\u00e1lja el. Olyan <strong>hat\u00f3anyagokb\u00f3l<\/strong> \u00e1ll, mint:<\/p>\n\n\n\n<h3 class=\"wp-block-heading\">Laktoferrin<\/h3>\n\n\n\n<p>A laktoferrin egy term\u00e9szetes <strong>bioakt\u00edv feh\u00e9rje<\/strong>, amely a term\u00e9szetben, p\u00e9ld\u00e1ul a teh\u00e9ntejben tal\u00e1lhat\u00f3, \u00e9s amelyet ebben az \u00e9trend-kieg\u00e9sz\u00edt\u0151ben haszn\u00e1lnak. Nagyon <strong>sz\u00e9les k\u00f6r\u0171 eg\u00e9szs\u00e9gfejleszt\u0151 hat\u00e1s<\/strong>jellemzi:<\/p>\n\n\n\n<ul class=\"wp-block-list\"><li>v\u00edrusellenes \u00e9s antibakteri\u00e1lis tulajdons\u00e1gokkal rendelkezik, t\u00f6k\u00e9letesen megbirk\u00f3zik a legt\u00f6bb k\u00e1ros mikroorganizmussal, amely a pattan\u00e1sok\u00e9rt felel\u0151s;<\/li><li>enyh\u00edti a b\u0151r gyullad\u00e1s\u00e1t \u00e9s a sz\u0151rt\u00fcsz\u0151k sz\u00e1j\u00e1t;<\/li><li>szab\u00e1lyozza a faggy\u00famirigyek aktivit\u00e1s\u00e1t \u00e9s ez\u00e1ltal a faggy\u00fakiv\u00e1laszt\u00e1s szintj\u00e9t;<\/li><li>cs\u00f6kkenti \u00e9s elt\u00e1vol\u00edtja a legt\u00f6bb pattan\u00e1sos elv\u00e1ltoz\u00e1st;<\/li><li>megv\u00e9di a szervezetet az oxidat\u00edv stressz negat\u00edv hat\u00e1sait\u00f3l, k\u00f6sz\u00f6nhet\u0151en annak, hogy k\u00e9pes elt\u00e1vol\u00edtani a felesleges vasat;<\/li><li>er\u0151s\u00edti a legyeng\u00fclt immunrendszert.<\/li><\/ul>\n\n\n\n<h3 class=\"wp-block-heading\">Vadon term\u0151 eper vir\u00e1gkivonat<\/h3>\n\n\n\n<div class=\"wp-block-image\"><figure class=\"alignright size-large is-resized\"><figure id=\"attachment_8063\" class=\"alignnone width-full\" style=\"width: 248px;\"><img loading=\"lazy\" decoding=\"async\" data-caption=\"\" src=\"https:\/\/consumers-views.com\/hu\/wp-content\/uploads\/2021\/10\/Depositphotos_6827147_xl-2015.jpg\" alt=\" Viola tricolor\" class=\"wp-image-8063\" width=\"248\" height=\"165\" title=\"\"><\/figure><\/figure><\/div>\n\n\n\n<p>Ismertebb nev\u00e9n az \u00e1rv\u00e1cska, kertjeink d\u00edsze, de az Zinamax tabletta \u00f6sszet\u00e9tel\u00e9ben <strong>sz\u00e1mos gy\u00f3gy\u00edt\u00f3 tulajdons\u00e1ga<\/strong> miatt szerepel, a b\u0151r eg\u00e9szs\u00e9g\u00e9re is j\u00f3t\u00e9konyan hat. Tulajdons\u00e1gai k\u00f6zvetlen\u00fcl az \u00f6sszet\u00e9tel\u00e9b\u0151l ad\u00f3dnak, amelyben megtal\u00e1ljuk: szerves savakat, flavonokat (5 sz\u00e1zal\u00e9k), esszenci\u00e1lis \u00e1sv\u00e1nyi anyagokat, ill\u00f3olajokat \u00e9s C-vitamint, egy antioxid\u00e1nst, amely elt\u00e1vol\u00edtja a <strong>vesz\u00e9lyes szabad gy\u00f6k\u00f6ket<\/strong>. Ezeknek k\u00f6sz\u00f6nhet\u0151, hogy a vadon \u00e9l\u0151 \u00e1rv\u00e1cska<\/p>\n\n\n\n<ul class=\"wp-block-list\"><li>alaposan megtiszt\u00edtja a b\u0151rt, nemcsak a felh\u00e1mot, hanem a m\u00e9lyebb r\u00e9tegeket is;<\/li><li>Cs\u00f6kkenti a foltok, elsz\u00ednez\u0151d\u00e9sek \u00e9s r\u00e1ncok megjelen\u00e9s\u00e9t;<\/li><li>t\u00e1pl\u00e1lja a b\u0151rt, ez\u00e1ltal el\u0151seg\u00edti annak eg\u00e9szs\u00e9g\u00e9t;<\/li><li>er\u0151s\u00edti a meggyeng\u00fclt hajsz\u00e1lerek fal\u00e1t, megakad\u00e1lyozva azok felszakad\u00e1s\u00e1t \u00e9s a p\u00f3kh\u00e1l\u00f3s v\u00e9n\u00e1k, illetve sok esetben a visszerek kialakul\u00e1s\u00e1t;<\/li><li>karcs\u00fas\u00edt\u00f3 hat\u00e1s\u00fa, jelent\u0151sen felgyors\u00edtja az anyagcser\u00e9t \u00e9s cs\u00f6kkenti az \u00e9tv\u00e1gyat . <\/li><\/ul>\n\n\n\n<h3 class=\"wp-block-heading\">Csipkebogy\u00f3 kivonat<\/h3>\n\n\n\n<div class=\"wp-block-image\"><figure class=\"alignright size-large is-resized\"><figure id=\"attachment_8064\" class=\"alignnone width-full\" style=\"width: 262px;\"><img loading=\"lazy\" decoding=\"async\" data-caption=\"\" src=\"https:\/\/consumers-views.com\/hu\/wp-content\/uploads\/2021\/10\/Depositphotos_10483387_s-2019.jpg\" alt=\" vadr\u00f3zsa\" class=\"wp-image-8064\" width=\"262\" height=\"175\" title=\"\"><\/figure><\/figure><\/div>\n\n\n\n<p>Amelynek hat\u00e1sa els\u0151sorban a <strong>nagy mennyis\u00e9g\u0171 vitaminok<\/strong> tartalm\u00e1n alapul <strong>:<\/strong> A, B1 (tiamin), B2 (riboflavin), B9 (folsav), C (aszkorbinsav), amelyb\u0151l t\u00f6bb <strong>tucatszor t\u00f6bbet<\/strong> tartalmaz, mint ugyanennyi citrusf\u00e9le, \u00e9s K. Ezeket szerves savak, tanninok, flavonoidok \u00e9s pektin t\u00e1mogatj\u00e1k, amelyek mind felel\u0151sek a csipkebogy\u00f3 hat\u00e1s\u00e1\u00e9rt:<\/p>\n\n\n\n<ul class=\"wp-block-list\"><li>a sz\u00f6vetek, k\u00f6zt\u00fck a b\u0151r \u00e9p\u00edt\u0151anyag\u00e1nak, a kollag\u00e9nnek a szint\u00e9zis\u00e9t el\u0151seg\u00edt\u0151 folyamatok fokoz\u00e1sa;<\/li><li>gyors\u00edtja a sebek \u00e9s pattan\u00e1sok gy\u00f3gyul\u00e1s\u00e1t, m\u00e9g a rendk\u00edv\u00fcl kellemetlen, gennyes pattan\u00e1sok\u00e9t is.<\/li><li>meger\u0151s\u00edti az immunit\u00e1st;<\/li><li>a b\u0151rgyullad\u00e1sok ellen;<\/li><li>enyh\u00edti az allergi\u00e1s t\u00fcneteket, bele\u00e9rtve a b\u0151r irrit\u00e1ci\u00f3j\u00e1t \u00e9s b\u0151rp\u00edrj\u00e1t;<\/li><li>antibakteri\u00e1lis.<\/li><\/ul>\n\n\n\n<h3 class=\"wp-block-heading\">Csal\u00e1n kivonat<\/h3>\n\n\n\n<div class=\"wp-block-image\"><figure class=\"alignright size-large is-resized\"><figure id=\"attachment_8065\" class=\"alignnone width-full\" style=\"width: 271px;\"><img loading=\"lazy\" decoding=\"async\" data-caption=\"\" src=\"https:\/\/consumers-views.com\/hu\/wp-content\/uploads\/2021\/10\/Depositphotos_7188298_s-2019.jpg\" alt=\" K\u00f6z\u00f6ns\u00e9ges csal\u00e1n\" class=\"wp-image-8065\" width=\"271\" height=\"180\" title=\"\"><\/figure><\/figure><\/div>\n\n\n\n<p>M\u00e9ltatlanul gyomn\u00f6v\u00e9nynek tartj\u00e1k, de szerencs\u00e9re gy\u00f3gy\u00edt\u00f3 tulajdons\u00e1gait az Zinamax gy\u00e1rt\u00f3ja is felismerte, ez\u00e9rt ker\u00fclt bele az \u00f6sszet\u00e9tel\u00e9be. A csal\u00e1n <strong>igazi kincst\u00e1r a sz\u00e1munkra legsz\u00fcks\u00e9gesebb t\u00e1panyagokban<\/strong>, mint p\u00e9ld\u00e1ul: A-vitamin, B1-vitamin, C-vitamin, E- \u00e9s K-vitamin. Ezek mellett ezek a z\u00f6ld, g\u0151z\u00f6lg\u0151 levelek sz\u00e1mos \u00e1sv\u00e1nyi anyagot tartalmaznak: szil\u00edciumot, foszfort, mang\u00e1nt, vasat, cinket \u00e9s kalciumot, amelyek a vitaminokkal egy\u00fctt olyan <strong>eg\u00e9szs\u00e9gfejleszt\u0151 kokt\u00e9lt <\/strong>alkotnak, amely pozit\u00edv hat\u00e1ssal van a k\u00f6vetkez\u0151kre.<\/p>\n\n\n\n<ul class=\"wp-block-list\"><li>a faggy\u00fakiv\u00e1laszt\u00e1s szab\u00e1lyoz\u00e1sa;<\/li><li>a b\u0151r \u00e1llapot\u00e1nak jav\u00edt\u00e1sa a megfelel\u0151 t\u00e1pl\u00e1l\u00e1snak k\u00f6sz\u00f6nhet\u0151en;<\/li><li>a megl\u00e9v\u0151 gyullad\u00e1sos \u00e1llapotok enyh\u00edt\u00e9se;<\/li><li>a szervezet gyorsabb m\u00e9regtelen\u00edt\u00e9se v\u00edzhajt\u00f3 hat\u00e1s r\u00e9v\u00e9n, elt\u00e1vol\u00edtva a m\u00e9reganyagokat \u00e9s egy\u00e9b anyagokat, amelyek b\u0151rbetegs\u00e9geket okozhatnak;<\/li><li>a hisztaminszint cs\u00f6kkent\u00e9s\u00e9vel enyh\u00edti az allergi\u00e1s reakci\u00f3k t\u00fcneteit;<\/li><li>a cukorszint cs\u00f6kkent\u00e9se \u00e9s a v\u00e9rben l\u00e9v\u0151 koleszterin k\u00e1ros frakci\u00f3j\u00e1nak cs\u00f6kkent\u00e9se;<\/li><li>az anyagcsere felgyorsul\u00e1sa, amelyet a fogy\u00f3k\u00far\u00e1z\u00f3k \u00e9rt\u00e9kelni fognak.<\/li><\/ul>\n\n\n\n<h3 class=\"wp-block-heading\">BioPerine\u00ae<\/h3>\n\n\n\n<div class=\"wp-block-image\"><figure class=\"alignright size-large is-resized\"><figure id=\"attachment_8067\" class=\"alignnone width-full\" style=\"width: 249px;\"><img loading=\"lazy\" decoding=\"async\" data-caption=\"\" src=\"https:\/\/consumers-views.com\/hu\/wp-content\/uploads\/2021\/10\/Depositphotos_12537698_s-2019.jpg\" alt=\" fekete bors\" class=\"wp-image-8067\" width=\"249\" height=\"195\" title=\"\"><\/figure><\/figure><\/div>\n\n\n\n<p>A gy\u00e1rt\u00f3 \u00e1ltal szabadalmaztatott m\u00e1sik \u00f6sszetev\u0151, a <strong>fekete bors<\/strong> gy\u00fcm\u00f6lcs kapszulakivonat, amely tele van <strong>piperine<\/strong>Egy m\u00e1sik, a gy\u00e1rt\u00f3 \u00e1ltal szabadalmaztatott \u00f6sszetev\u0151 a fekete bors gy\u00fcm\u00f6lcsh\u00e9j\u00e1nak kivonata, amely tele van egy sz\u00e9lesk\u00f6r\u0171 tulajdons\u00e1gokkal rendelkez\u0151 alkaloid\u00e1val, amelyet <strong>szakemberek \u00e1ltal aj\u00e1nlott<\/strong> adagokban kell adagolni. A piperin t\u00f6bbek k\u00f6z\u00f6tt a k\u00f6vetkez\u0151kre van j\u00f3t\u00e9kony hat\u00e1ssal:<\/p>\n\n\n\n<ul class=\"wp-block-list\"><li>a szabad gy\u00f6k\u00f6k puszt\u00edt\u00f3 hat\u00e1s\u00e1nak cs\u00f6kkent\u00e9se;<\/li><li>gyorsabb b\u0151rtiszt\u00edt\u00e1s, k\u00fcl\u00f6n\u00f6sen a b\u0151rre k\u00e1ros m\u00e9reganyagokt\u00f3l;<\/li><li>a gyullad\u00e1sos \u00e1llapotok kialakul\u00e1s\u00e1nak g\u00e1tl\u00e1sa;<\/li><li>az immunrendszer t\u00e1mogat\u00e1sa;<\/li><li>a szervezet hat\u00e9konys\u00e1g\u00e1nak n\u00f6vel\u00e9se, a fizikai aktivit\u00e1shoz sz\u00fcks\u00e9ges energi\u00e1val val\u00f3 ell\u00e1t\u00e1sa;<\/li><li>az em\u00e9szt\u00e9s felgyors\u00edt\u00e1sa a t\u00f6bb gyomornedv kiv\u00e1laszt\u00e1s\u00e1nak serkent\u00e9s\u00e9vel;<\/li><li>az anyagcsere felgyorsul\u00e1sa, ami szint\u00e9n fontos a hat\u00e9kony s\u00falycs\u00f6kkent\u00e9shez \u00e9s a felesleges testzs\u00edr el\u00e9get\u00e9s\u00e9hez;<\/li><li>m\u00e1s t\u00e1panyagok, vitaminok \u00e9s \u00e1sv\u00e1nyi anyagok jobb felsz\u00edv\u00f3d\u00e1sa.<\/li><\/ul>\n\n\n\n<h3 class=\"wp-block-heading\">Vitamin \u00e9s \u00e1sv\u00e1nyi anyag komplex<\/h3>\n\n\n\n<div class=\"wp-block-image\"><figure class=\"alignright size-large is-resized\"><figure id=\"attachment_8068\" class=\"alignnone width-full\" style=\"width: 219px;\"><img loading=\"lazy\" decoding=\"async\" data-caption=\"\" src=\"https:\/\/consumers-views.com\/hu\/wp-content\/uploads\/2021\/10\/Depositphotos_51918127_s-2019.jpg\" alt=\" Vitaminok \u00e9s \u00e1sv\u00e1nyi anyagok\" class=\"wp-image-8068\" width=\"219\" height=\"165\" title=\"\"><\/figure><\/figure><\/div>\n\n\n\n<p>A k\u00fcl\u00f6nb\u00f6z\u0151 t\u00edpus\u00fa pattan\u00e1sok lek\u00fczd\u00e9s\u00e9hez a szervezetnek er\u0151s\u00edt\u0151, <strong>er\u0151s d\u00f3zis\u00fa vitaminokra \u00e9s \u00e1sv\u00e1nyi anyagokra<\/strong> van sz\u00fcks\u00e9ge, amelyek bizony\u00edtottak a nehezen kezelhet\u0151 betegs\u00e9g elleni k\u00fczdelemben, amely az eg\u00e9sz szervezet eg\u00e9szs\u00e9g\u00e9t\u0151l f\u00fcgg. Az Zinamax gy\u00e1rt\u00f3ja megfelel <strong>ezeknek az ig\u00e9nyeknek<\/strong>, ez\u00e9rt olyan <strong>tov\u00e1bbi \u00f6sszetev\u0151ket<\/strong>is be\u00e9p\u00edtett a kieg\u00e9sz\u00edt\u0151j\u00e9be, <strong>mint:<\/strong><\/p>\n\n\n\n<ul class=\"wp-block-list\"><li>Selenium SeLECT\u00ae, a szel\u00e9n k\u00f6nnyen felsz\u00edv\u00f3d\u00f3 form\u00e1ja, egy olyan elem, amely n\u00e9lk\u00fcl lehetetlen meg\u00e1ll\u00edtani a pattan\u00e1sokat okoz\u00f3 bakt\u00e9riumok m\u0171k\u00f6d\u00e9s\u00e9t;<\/li><li>Az A-vitamin, amely felgyors\u00edtja a felh\u00e1m \u00fajj\u00e1\u00e9p\u00fcl\u00e9s\u00e9t, helyre\u00e1ll\u00edtja a b\u0151r feszess\u00e9g\u00e9t \u00e9s jav\u00edtja annak rugalmass\u00e1g\u00e1t, szab\u00e1lyozza a b\u0151rsejtek m\u0171k\u00f6d\u00e9s\u00e9t, gondoskodik a j\u00f3 l\u00e1t\u00e1sr\u00f3l;<\/li><li>B6-vitamin (piridoxin), amely t\u00f6bbek k\u00f6z\u00f6tt felel\u0151s a hormon\u00e1lis gazdas\u00e1g\u00e9rt, az idegrendszer m\u0171k\u00f6d\u00e9s\u00e9\u00e9rt, az antitestek termel\u00e9s\u00e9\u00e9rt, a megfelel\u0151 v\u00e9rnyom\u00e1s\u00e9rt;<\/li><li>E-vitamin, egy m\u00e1sik er\u0151s antioxid\u00e1ns, az aszkorbinsav ut\u00e1n a <em>&#8222;fiatals\u00e1g vitaminja<\/em>&#8222;, v\u00e9d az oxidat\u00edv stressz ellen, hidrat\u00e1lja a b\u0151rt, rugalmass\u00e1 teszi, megakad\u00e1lyozza a v\u00e9rlemezk\u00e9k aggreg\u00e1ci\u00f3j\u00e1t, \u00f6sszecsom\u00f3sod\u00e1s\u00e1t, ami v\u00e9rr\u00f6g\u00f6ket okozhat.<\/li><li>cink, amely nemcsak az immunit\u00e1st er\u0151s\u00edti, hanem t\u00e1mogatja a pattan\u00e1sos arcb\u0151rt, gyors\u00edtja annak gy\u00f3gyul\u00e1s\u00e1t, meg\u00e1ll\u00edtja a b\u0151r \u00f6reged\u00e9s\u00e9t, szab\u00e1lyozza a hormonelv\u00e1laszt\u00e1st, cs\u00f6kkenti a hajhull\u00e1st is.<\/li><\/ul>\n\n\n\n<h3 class=\"wp-block-heading\">Centellin\u00ae<\/h3>\n\n\n\n<div class=\"wp-block-image\"><figure class=\"alignright size-large is-resized\"><figure id=\"attachment_8069\" class=\"alignnone width-full\" style=\"width: 248px;\"><img loading=\"lazy\" decoding=\"async\" data-caption=\"\" src=\"https:\/\/consumers-views.com\/hu\/wp-content\/uploads\/2021\/10\/Depositphotos_68427391_s-2019.jpg\" alt=\" Centella asiatica\" class=\"wp-image-8069\" width=\"248\" height=\"165\" title=\"\"><\/figure><\/figure><\/div>\n\n\n\n<p>Ez a neve a <em> Centella asiatica<\/em> <strong>kivonat\u00e1nak<\/strong>, az Zinamax-ben <strong>egy egyed\u00fcl\u00e1ll\u00f3 \u00e9s rendk\u00edv\u00fcl hat\u00e9kony<\/strong> formula form\u00e1j\u00e1ban, amely a b\u0151r eg\u00e9szs\u00e9g\u00e9nek minden aspektus\u00e1r\u00f3l gondoskodik. A n\u00f6v\u00e9ny olyan \u00f6sszetev\u0151ket tartalmaz, mint a triterp\u00e9n szaponinok, bioflavonoidok, fitoszterolok, A-, C-, K- \u00e9s E-vitaminok, valamint nagy mennyis\u00e9g\u0171 magn\u00e9zium. Ezeknek k\u00f6sz\u00f6nhet\u0151, hogy a Centellin\u00ae a k\u00f6vetkez\u0151 <strong>tulajdons\u00e1gokkal<\/strong>rendelkezik:<\/p>\n\n\n\n<ul class=\"wp-block-list\"><li>antioxid\u00e1ns, amely lehet\u0151v\u00e9 teszi a reakt\u00edv oxig\u00e9nfajok, azaz a szabad gy\u00f6k\u00f6k elt\u00e1vol\u00edt\u00e1s\u00e1t a szervezetb\u0151l;<\/li><li>felgyors\u00edtja a sebek, pattan\u00e1sok gy\u00f3gyul\u00e1s\u00e1t \u00e9s a s\u00e9r\u00fclt h\u00e1m regener\u00e1l\u00f3d\u00e1si folyamat\u00e1t;<\/li><li>fokozza a kollag\u00e9ntermel\u00e9st, ami seg\u00edt meg\u00e1ll\u00edtani a b\u0151r term\u00e9szetes \u00f6reged\u00e9si folyamat\u00e1t;<\/li><li>antiallergi\u00e1s \u00e9s f\u00e1jdalomcsillap\u00edt\u00f3;<\/li><li>immuner\u0151s\u00edt\u0151;<\/li><li>az idegrendszer szab\u00e1lyoz\u00e1sa;<\/li><li>a v\u00e9rcukorszint stabiliz\u00e1l\u00e1sa;<\/li><li>a felesleges v\u00edz \u00e9s a m\u00e9reganyagok elt\u00e1vol\u00edt\u00e1sa.<\/li><\/ul>\n\n\n\n<h3 class=\"wp-block-heading\">EVNolMax\u2122<\/h3>\n\n\n\n<p>A gy\u00e1rt\u00f3 laborat\u00f3riumaiban kifejlesztett<strong>egyed\u00fcl\u00e1ll\u00f3, szabadalmaztatott \u00f6sszetev\u0151<\/strong>, amely a szervezet sz\u00e1m\u00e1ra <strong>gondosan kiv\u00e1lasztott<\/strong> <strong>d\u00f3zis\u00fa t\u00e1p <\/strong>anyagokat biztos\u00edt, amelyek \u00e1tfog\u00f3an hatnak a b\u0151rre:<\/p>\n\n\n\n<ul class=\"wp-block-list\"><li>friss, fiatalos \u00e9s egyenletesen ragyog\u00f3 megjelen\u00e9st k\u00f6lcs\u00f6n\u00f6z;<\/li><li>vigy\u00e1zva az eg\u00e9szs\u00e9g\u00e9re az akne elleni kezel\u00e9s minden szakasz\u00e1ban;<\/li><li>hidrat\u00e1lja minden r\u00e9teg\u00e9t;<\/li><li>Cs\u00f6kkentse a l\u00e1that\u00f3 pattan\u00e1sok, pattan\u00e1sok \u00e9s egy\u00e9b hib\u00e1k sz\u00e1m\u00e1t;<\/li><li>szab\u00e1lyozza a faggy\u00fakiv\u00e1laszt\u00e1st, minimaliz\u00e1lva a faggy\u00fagyullad\u00e1s kock\u00e1zat\u00e1t.<\/li><\/ul>\n\n\n\n<h2 class=\"wp-block-heading\">Zinamax &#8211; v\u00e9lem\u00e9nyek a b\u0151rre gyakorolt el\u0151ny\u00f6kr\u0151l<\/h2>\n\n\n\n<div class=\"wp-block-image\"><figure class=\"alignright size-large is-resized\"><figure id=\"attachment_7855\" class=\"alignnone width-full\" style=\"width: 234px;\"><a href=\"\/go-zinamax\"><img loading=\"lazy\" decoding=\"async\" data-caption=\"\" src=\"https:\/\/consumers-views.com\/hu\/wp-content\/uploads\/2021\/10\/Zinamax_AM12.jpg\" alt=\" Zinamax\" class=\"wp-image-7855\" width=\"234\" height=\"310\" title=\"\"><\/a><\/figure><\/figure><\/div>\n\n\n\n<p>Az Zinamax pattan\u00e1s elleni kapszula pozit\u00edv \u00e9rt\u00e9kel\u00e9sei <strong>teljesen meg\u00e9rdemeltek<\/strong>. Az emberek, akik haszn\u00e1lj\u00e1k, \u00e9rt\u00e9kel\u00e9seikben <strong>sz\u00e1mos el\u0151ny\u00e9t<\/strong> hangs\u00falyozz\u00e1k, amelyeket r\u00f6viden szeretn\u00e9nk \u00f6sszefoglalni:<\/p>\n\n\n\n<ul class=\"wp-block-list\"><li>jelent\u0151sen, ak\u00e1r t\u00f6bb mint <strong>31 sz\u00e1zal\u00e9kkal<\/strong> cs\u00f6kkenti a faggy\u00fakiv\u00e1laszt\u00e1st, minimaliz\u00e1lva a b\u0151r zs\u00edrosod\u00e1s\u00e1t <strong>;<\/strong><\/li><li>a gyullad\u00e1s kock\u00e1zat\u00e1nak minimaliz\u00e1l\u00e1sa, ak\u00e1r <strong>39<\/strong> sz\u00e1zal\u00e9kkal alacsonyabb;<\/li><li>Bizony\u00edtott antibakteri\u00e1lis hat\u00e1s\u00fa, hat\u00e9kony a k\u00fcl\u00f6nb\u00f6z\u0151 bakt\u00e9riumt\u00f6rzsek ellen, amelyek hozz\u00e1j\u00e1rulnak a pattan\u00e1sok kialakul\u00e1s\u00e1hoz;<\/li><li>a sebek \u00e9s irrit\u00e1ci\u00f3k gyorsabb gy\u00f3gyul\u00e1sa;<\/li><li>L\u00e1that\u00f3 javul\u00e1s az arcb\u0151r megjelen\u00e9s\u00e9ben, amely feszesebb\u00e9, sim\u00e1bb\u00e1, hidrat\u00e1ltabb\u00e1 \u00e9s t\u00e1pl\u00e1ltabb\u00e1 v\u00e1lik;<\/li><li> <strong>23 sz\u00e1zal\u00e9kkal<\/strong> cs\u00f6kkentette az \u00faj pattan\u00e1sok el\u0151fordul\u00e1s\u00e1t;<\/li><li>teljesen biztons\u00e1gos a haszn\u00e1lata, a kieg\u00e9sz\u00edt\u00e9s term\u00e9szetes \u00f6sszet\u00e9tel\u00e9nek k\u00f6sz\u00f6nhet\u0151en mell\u00e9khat\u00e1sok n\u00e9lk\u00fcl.<\/li><\/ul>\n\n\n\n<h2 class=\"wp-block-heading\">Zinamax &#8211; hogyan kell haszn\u00e1lni \u00e9s hol lehet megvenni<\/h2>\n\n\n\n<p>A kieg\u00e9sz\u00edt\u00e9s haszn\u00e1lata egyszer\u0171, csak <strong>egy tablett\u00e1t<\/strong> kell bevenni <strong>naponta k\u00e9tszer<\/strong>, lehet\u0151leg reggel \u00e9s este, egy poh\u00e1r csendes v\u00edzzel. Az els\u0151 hat\u00e1sok <strong>egy h\u00f3nap ut\u00e1n<\/strong> jelentkeznek, de \u00e9rdemes a kezel\u00e9st addig folytatni, am\u00edg a <strong>pattan\u00e1sok teljesen el nem t\u0171nnek<\/strong>.<\/p>\n\n\n\n<p>Az Zinamax <strong>k\u00f6zvetlen\u00fcl a gy\u00e1rt\u00f3t\u00f3l<\/strong> v\u00e1s\u00e1rolhat\u00f3 meg, ha megrendel\u00e9st ad fel <strong>a<\/strong><strong><a href=\"\/go-zinamax\">weboldal<\/a> <\/strong> <strong>h\u00e1rom prom\u00f3ci\u00f3s csomag<\/strong>k\u00f6z\u00fcl v\u00e1laszthat:<\/p>\n\n\n\n<ul class=\"wp-block-list\"><li><strong>basic<\/strong>, egy csomag, 60 tabletta;<\/li><li><strong>standard<\/strong>, k\u00e9t csomag plusz egy ingyenes;<\/li><li><strong>optim\u00e1lis<\/strong>, h\u00e1rom csomag \u00e9s ugyanennyi ingyenes tabletta.<\/li><\/ul>\n\n\n\n<p>\u00c9rdemes kihaszn\u00e1lni az ilyen v\u00e1s\u00e1rl\u00e1si <strong>k\u00f6lts\u00e9gmegtakar\u00edt\u00e1sokat<\/strong>, \u00e9s <strong>egyszer s mindenkorra megoldani<\/strong> a pattan\u00e1sos probl\u00e9m\u00e1kat. A k\u00fcldem\u00e9nyt a megrendel\u00e9st\u0151l sz\u00e1m\u00edtott <strong>24 \u00f3r\u00e1n<\/strong> bel\u00fcl feladj\u00e1k, \u00e9s tov\u00e1bbi <strong>k\u00e9t munkanap<\/strong>m\u00falva \u00e9rkezik meg a c\u00edmzetthez.<\/p>\n\n\n\n<div class=\"wp-block-image\"><figure class=\"aligncenter size-full is-resized\"><figure id=\"attachment_7856\" class=\"alignnone width-full\" style=\"width: 479px;\"><a href=\"\/go-zinamax\"><img loading=\"lazy\" decoding=\"async\" data-caption=\"\" src=\"https:\/\/consumers-views.com\/hu\/wp-content\/uploads\/2021\/10\/Zinamax-pro-09.jpg\" alt=\" Zinamax\" class=\"wp-image-7856\" width=\"479\" height=\"320\" title=\"\"><\/a><\/figure><\/figure><\/div>\n\n\n\n<p class=\"has-text-align-center has-very-light-gray-color has-luminous-vivid-orange-background-color has-text-color has-background\" style=\"font-size:24px\"><strong><a href=\"\/go-zinamax\" target=\"_blank\" aria-label=\" (opens in a new tab)\" rel=\"noreferrer noopener nofollow\">RENDEL\u00c9S ZINAMAX MOST<\/a> <\/strong><\/p>\n\n\n\n<p><strong>Forr\u00e1sok:<\/strong><\/p>\n\n\n\n<ul class=\"wp-block-list\"><li>https:\/\/www.healthline.com\/health\/skin\/acne<\/li><li>https:\/\/www.healthline.com\/health\/4-best-vitamins-for-skin#talk-to-your-doctor<\/li><li>https:\/\/www.healthline.com\/nutrition\/stinging-nettle<\/li><li>https:\/\/www.healthline.com\/nutrition\/rose-hips<\/li><li>https:\/\/pubmed.ncbi.nlm.nih.gov\/28933602\/<\/li><li>https:\/\/pubmed.ncbi.nlm.nih.gov\/26857697\/<\/li><\/ul>\n","protected":false},"excerpt":{"rendered":"<p>Az eg\u00e9szs\u00e9ges, feszes, sima, rugalmas, hib\u00e1kt\u00f3l mentes b\u0151r mind a n\u0151k, mind a f\u00e9rfiak \u00e1lma. Az egyik legbosszant\u00f3bb b\u0151rprobl\u00e9ma, amellyel sokan, minden koroszt\u00e1lyban szembes\u00fclnek, a pattan\u00e1sok, az arcon, nyakon, h\u00e1ton \u00e9s dekolt\u00e1zson megjelen\u0151 cs\u00fanya \u00e9s gyakran f\u00e1jdalmas pattan\u00e1sok. Kezel\u00e9s\u00fck sok id\u0151t vehet ig\u00e9nybe, amit mindenk\u00e9ppen meg kell sp\u00f3rolni a k\u00f6vetkez\u0151kkel Zinamax Mindenk\u00e9ppen \u00e9rdemes sok id\u0151t [&hellip;]<\/p>\n","protected":false},"author":1,"featured_media":2498,"comment_status":"open","ping_status":"open","sticky":false,"template":"","format":"standard","meta":{"footnotes":""},"categories":[13],"tags":[],"class_list":["post-2499","post","type-post","status-publish","format-standard","has-post-thumbnail","hentry","category-szepseg","box-post"],"_links":{"self":[{"href":"https:\/\/consumers-views.com\/hu\/wp-json\/wp\/v2\/posts\/2499","targetHints":{"allow":["GET"]}}],"collection":[{"href":"https:\/\/consumers-views.com\/hu\/wp-json\/wp\/v2\/posts"}],"about":[{"href":"https:\/\/consumers-views.com\/hu\/wp-json\/wp\/v2\/types\/post"}],"author":[{"embeddable":true,"href":"https:\/\/consumers-views.com\/hu\/wp-json\/wp\/v2\/users\/1"}],"replies":[{"embeddable":true,"href":"https:\/\/consumers-views.com\/hu\/wp-json\/wp\/v2\/comments?post=2499"}],"version-history":[{"count":2,"href":"https:\/\/consumers-views.com\/hu\/wp-json\/wp\/v2\/posts\/2499\/revisions"}],"predecessor-version":[{"id":71573,"href":"https:\/\/consumers-views.com\/hu\/wp-json\/wp\/v2\/posts\/2499\/revisions\/71573"}],"wp:featuredmedia":[{"embeddable":true,"href":"https:\/\/consumers-views.com\/hu\/wp-json\/wp\/v2\/media\/2498"}],"wp:attachment":[{"href":"https:\/\/consumers-views.com\/hu\/wp-json\/wp\/v2\/media?parent=2499"}],"wp:term":[{"taxonomy":"category","embeddable":true,"href":"https:\/\/consumers-views.com\/hu\/wp-json\/wp\/v2\/categories?post=2499"},{"taxonomy":"post_tag","embeddable":true,"href":"https:\/\/consumers-views.com\/hu\/wp-json\/wp\/v2\/tags?post=2499"}],"curies":[{"name":"wp","href":"https:\/\/api.w.org\/{rel}","templated":true}]}}