{"id":1430,"date":"2021-08-22T00:23:07","date_gmt":"2021-08-21T22:23:07","guid":{"rendered":"https:\/\/consumers-views.com\/hu\/?p=1430"},"modified":"2022-04-14T10:56:15","modified_gmt":"2022-04-14T08:56:15","slug":"hair-care-panda","status":"publish","type":"post","link":"https:\/\/consumers-views.com\/hu\/hair-care-panda\/","title":{"rendered":"Hair Care Panda &#8211; a hajunk sz\u00e1m\u00e1ra t\u00f6k\u00e9letes vitamin zsel\u00e9"},"content":{"rendered":"\n<p>Az elhanyagolt haj automatikusan negat\u00edv hat\u00e1ssal van a megjelen\u00e9s\u00fcnkre, \u00e9s <strong>vonz\u00f3nak \u00e9rezz\u00fck mag<\/strong> unkat, \u00e9s n\u00e9ha a k\u00f6rnyezet\u00fcnk is \u00edgy kezd minket \u00e9rz\u00e9kelni. Jobb teh\u00e1t elker\u00fclni az ilyen helyzeteket, mert ezek egyidej\u0171leg \u00e9s egyben negat\u00edvan hatnak a <strong>lelki j\u00f3l\u00e9t\u00fcnkre<\/strong>, ami alacsony, folyamatosan cs\u00f6kken\u0151 \u00f6nbecs\u00fcl\u00e9shez vezet. Egyszer\u0171en cs\u00fany\u00e1n \u00e9rezz\u00fck magunkat, nem akarunk kimenni otthonr\u00f3l, \u00e9s ez m\u00e1r az els\u0151 l\u00e9p\u00e9s a depresszi\u00f3 fel\u00e9. A haj megfelel\u0151 \u00e1pol\u00e1s\u00e1nak hi\u00e1nya a haj \u00e1llapot\u00e1n is t\u00fckr\u00f6z\u0151dik, nemcsak <strong>tompa \u00e9s f\u00e9nytelen<\/strong> lesz, hanem fokozatosan meggyeng\u00fcl, <strong>morzsol\u00f3dni <\/strong>kezd, \u00e9s ennek k\u00f6vetkezt\u00e9ben maroksz\u00e1mra hullik <strong>ki<\/strong>. Ez elfogadhatatlan, mert a hajhull\u00e1s olyan folyamat, amely egy bizonyos ponton <strong>m\u00e1r nem ford\u00edthat\u00f3 vissza<\/strong>. Itt az ideje teh\u00e1t, hogy visszaadja haj\u00e1nak elveszett vitalit\u00e1s\u00e1t, \u00e9letet \u00e9s azt az egyedi, kiv\u00e9teles bels\u0151 ragyog\u00e1st, \u00e9s ebben seg\u00edthet a megfelel\u0151en kiv\u00e1lasztott vitaminok \u00e9s \u00e1sv\u00e1nyi anyagok k\u00e9szlete. Ezeket k\u00fcl\u00f6nb\u00f6z\u0151 m\u00f3dokon lehet a szervezetbe juttatni, nem megfeledkezve a megfelel\u0151 \u00e9trendr\u0151l, \u00e9s az esetleges hi\u00e1nyoss\u00e1gokat \u00e9trend-kieg\u00e9sz\u00edt\u0151kkel eg\u00e9sz\u00edtik ki, mint pl. <strong><a href=\"\/go-haircarepanda\">Hair Care Panda<\/a> <\/strong>.<\/p>\n\n\n\n<h2 class=\"wp-block-heading\">Gyenge \u00e9s t\u00f6r\u00e9keny haj &#8211; mi\u00e9rt k\u00f6vetkezik be a haj k\u00e1rosod\u00e1sa<\/h2>\n\n\n\n<div class=\"wp-block-image\"><figure class=\"alignright is-resized\"><figure id=\"attachment_2330\" class=\"alignnone width-full\" style=\"width: 389px;\"><img loading=\"lazy\" decoding=\"async\" data-caption=\"\" src=\"https:\/\/consumers-views.com\/hu\/wp-content\/uploads\/2021\/08\/dht_1.jpg\" alt=\" kopaszs\u00e1g\" class=\"wp-image-2330\" width=\"389\" height=\"200\" title=\"\"><\/figure><\/figure><\/div>\n\n\n\n<p>A legyeng\u00fclt haj nemcsak rendk\u00edv\u00fcl cs\u00fany\u00e1n n\u00e9z ki, hanem a szervezetben el\u0151fordul\u00f3 <strong>k\u00fcl\u00f6nb\u00f6z\u0151 rendelleness\u00e9gek<\/strong>, azaz a benne kialakul\u00f3 betegs\u00e9gek jele is lehet. Ez\u00e9rt \u00e9rdemes szemmel tartani a hajadat, mert ez lehet az <strong>els\u0151 figyelmeztet\u0151 jel<\/strong>, hogy valami baj t\u00f6rt\u00e9nik veled. Ahogy a szem a l\u00e9lek t\u00fckre, \u00fagy a haj is azonnal megmutatja a benn\u00fcnk v\u00e9gbemen\u0151 negat\u00edv v\u00e1ltoz\u00e1sokat. A roml\u00e1snak sok oka van, de az eredm\u00e9ny mindig ugyanaz, gyenge, v\u00e9kony \u00e9s t\u00f6r\u00e9keny haj, \u00e9s ugyanez az \u00e1llapot gyakran \u00e9rinti a <strong>hajhagym\u00e1t<\/strong>, a<strong> megfelel\u0151 n\u00f6veked\u00e9s<\/strong> alapj\u00e1t. A legyeng\u00fclt haj nemcsak jellegzetes \u00e9s, valljuk be, cs\u00fanya megjelen\u00e9s\u0171, hanem kellemetlen tapint\u00e1s\u00fav\u00e1, durv\u00e1v\u00e1 is v\u00e1lik, ami azt jelenti, hogy a <strong>k\u00fcls\u0151 szerkezete<\/strong> fokozatosan t\u00f6nkremegy. Ez a v\u00e9d\u0151r\u00e9teg keratinb\u00f3l \u00e1ll, amely apr\u00f3, egym\u00e1sra helyezett, lapkaszer\u0171en fed\u0151 pikkelyek form\u00e1j\u00e1ban jelenik meg. \u00cdgy elrendezve kiv\u00e1l\u00f3 v\u00e9delmet ny\u00fajtanak minden k\u00e1ros t\u00e9nyez\u0151vel szemben, k\u00fcl\u00f6n\u00f6sen a l\u00e9gk\u00f6ri t\u00e9nyez\u0151kkel szemben, ugyanakkor megv\u00e9dik a hajat a bels\u0151 nedvess\u00e9gveszt\u00e9s miatti kisz\u00e1rad\u00e1st\u00f3l. Tov\u00e1bbi v\u00e9delmet ny\u00fajt a faggy\u00fa, a b\u0151r faggy\u00famirigyeinek v\u00e1lad\u00e9ka. Amikor a haj k\u00fcl\u00f6nb\u00f6z\u0151 okokb\u00f3l meggyeng\u00fcl, az els\u0151 hat\u00e1s ennek a <strong>v\u00e9d\u0151r\u00e9tegnek az elveszt\u00e9se<\/strong>, majd a <strong>nedvess\u00e9g <\/strong> <strong>elveszt\u00e9se<\/strong> \u00e9s az addig \u00f6sszetart\u00f3 kutikula megny\u00edl\u00e1sa. Ennek a folyamatnak az eredm\u00e9nyek\u00e9nt elkezdenek <strong>vesz\u00edteni a nedvess\u00e9gtartalmukb\u00f3l<\/strong>, egyre <strong>t\u00f6r\u00e9kenyebb\u00e9<\/strong> v\u00e1lnak, \u00e9s v\u00e9g\u00fcl <strong>elkezdenek kihullani<\/strong>. K\u00f6nnyen \u00e9rezhetj\u00fck az \u00e9rdess\u00e9g\u00fcket, \u00e9s ha egyre t\u00f6bb marad bel\u0151l\u00fck a kef\u00e9n vagy a f\u00e9s\u0171n, az annak a jele, hogy ha nem tesz\u00fcnk ellene semmit, <strong>elkezdhet\u00fcnk kopaszodni<\/strong>. Itt j\u00f6het j\u00f3l egy hajmaszk. <strong><a href=\"\/go-haircarepanda\">Hair Care Panda<\/a> <\/strong>De miel\u0151tt ezt megtenn\u00e9, \u00e9rdemes tudni, hogy mik a hajhull\u00e1s <strong>egy\u00e9b okai<\/strong>.<\/p>\n\n\n\n<h2 class=\"wp-block-heading\">Gyenge \u00e9s t\u00f6r\u00e9keny haj &#8211; a leggyakoribb okok<\/h2>\n\n\n\n<p>Sajnos lehetetlen a hajhull\u00e1s <strong>egyetlen ok\u00e1t<\/strong> meghat\u00e1rozni, egyszer\u0171en t\u00fal \u00f6sszetett folyamatr\u00f3l van sz\u00f3, amelyet sz\u00e1mos, gyakran teljesen ellentmond\u00e1sos t\u00e9nyez\u0151 inspir\u00e1l. Az egyik, ki tudja, ha nem a legfontosabb, a hanyags\u00e1gunk, k\u00fcl\u00f6n\u00f6sen a <strong>napi higi\u00e9nia<\/strong> ter\u00e9n. Legy\u00fcnk \u0151szint\u00e9k, mindig rohanunk, elfoglaltak vagyunk, soha semmire nincs id\u0151nk, m\u00e9g arra sem, hogy <strong>magunkkal<\/strong>, a k\u00fcls\u0151nkkel <strong>t\u00f6r\u0151dj\u00fcnk<\/strong>, \u00e9s m\u00e1r ilyenkor vil\u00e1gosan l\u00e1tszik a logika bizonyos hi\u00e1nya a viselked\u00e9s\u00fcnkben. Egyr\u00e9szt a hajat a sz\u00e9ps\u00e9g fontos attrib\u00fatum\u00e1nak tekintj\u00fck, \u00e9s szeretn\u00e9nk, ha hangs\u00falyozn\u00e1 testi vonzer\u0151nket, m\u00e1sr\u00e9szt gyakran nincs id\u0151nk arra, hogy rendesen megmossuk, j\u00f3 kondicion\u00e1l\u00f3t haszn\u00e1ljunk, \u00e9s term\u00e9szetes f\u00e9ny\u00e9t \u00e9s m\u00e9ly sz\u00edn\u00e9t m\u00e1r messzir\u0151l l\u00e1that\u00f3v\u00e1 tegy\u00fck. A napi higi\u00e9nia <strong>elengedhetetlen <\/strong>a <strong>haj<\/strong> \u00e9s a <strong>fejb\u0151r<\/strong> eg\u00e9szs\u00e9g\u00e9nek meg\u0151rz\u00e9s\u00e9hez, \u00e9s semmik\u00e9ppen sem szabad elhanyagolnia, hacsak nem akar viszonylag r\u00f6vid id\u0151n bel\u00fcl megszabadulni az \u00f6sszes haj\u00e1t\u00f3l. Haszn\u00e1ljon bev\u00e1lt kozmetikumokat, amelyek <strong>term\u00e9szetes, n\u00f6v\u00e9nyi alap\u00fa \u00f6sszetev\u0151k\u00f6n<\/strong> alapulnak, \u00e9s term\u00e9szetesen <strong>nem \u00e1llatokon teszteltek<\/strong>.<\/p>\n\n\n\n<p>A napi higi\u00e9nia hi\u00e1nya nem az egyetlen oka a gyeng\u00fcl\u00e9snek \u00e9s az ebb\u0151l k\u00f6vetkez\u0151 hajhull\u00e1snak. Ugyanilyen gyakran m\u00e1s, nem kev\u00e9sb\u00e9 k\u00e1ros t\u00e9nyez\u0151k is okozz\u00e1k, \u00e9s ezek k\u00f6z\u00fcl k\u00fcl\u00f6n eml\u00edt\u00e9st \u00e9rdemelnek a k\u00f6vetkez\u0151k:<\/p>\n\n\n\n<ul class=\"wp-block-list\"><li><strong>helytelen \u00e1pol\u00e1s<\/strong>, nem higi\u00e9niai hanyags\u00e1g, hanem p\u00e9ld\u00e1ul a haj folyamatos sz\u00e1r\u00edt\u00e1sa hajsz\u00e1r\u00edt\u00f3val, hajkiegyenes\u00edt\u0151 haszn\u00e1lata, ami hal\u00e1los a hajra n\u00e9zve. A haj t\u00falzottan magas h\u0151m\u00e9rs\u00e9kletnek val\u00f3 kit\u00e9tele t\u00falzott sz\u00e1razs\u00e1ghoz, t\u00f6r\u00e9kenys\u00e9ghez \u00e9s t\u00f6r\u00e9shez vezet. Ha hossz\u00fa a hajad, ne k\u00f6sd \u00f6ssze t\u00fal szorosan gumiszalaggal. Ford\u00edtson k\u00fcl\u00f6n\u00f6s figyelmet \u00f6sszet\u00e9tel\u00fckre, amely nem tartalmazhat k\u00e1ros polimereket, parab\u00e9neket, SLS nev\u0171 anyagot vagy hasonl\u00f3an rombol\u00f3 hat\u00e1s\u00fa alkoholt. Ezek vagy kisz\u00e1r\u00edtj\u00e1k, vagy t\u00falterhelik a hajat, \u00e9s mindkett\u0151 s\u00falyosan k\u00e1ros\u00edtja annak finom szerkezet\u00e9t. A haj nem szereti a tart\u00f3s napf\u00e9nyt, a szelet, a havat vagy az es\u0151t sem, amely a v\u00edz mellett sok vesz\u00e9lyes szennyez\u0151 anyagot tartalmaz, k\u00fcl\u00f6n\u00f6sen a v\u00e1rosokban, ahol a szmog jelenti a legnagyobb vesz\u00e9lyt;<\/li><li><strong>az \u00e9trend<\/strong>, azaz az \u00e9tkez\u00e9s m\u00f3dja. A legt\u00f6bb ember azt gondolja, hogy az, hogy mit eszik, csak a tests\u00falyukat, a t\u00fals\u00faly vagy az elh\u00edz\u00e1s lehet\u0151s\u00e9g\u00e9t befoly\u00e1solja. R\u00f6gt\u00f6n megmondjuk nekik, hogy t\u00e9vednek, mert a helyes t\u00e1pl\u00e1lkoz\u00e1s a legnagyobb m\u00e9rt\u00e9kben meghat\u00e1rozza eg\u00e9szs\u00e9g\u00fcnket, ami term\u00e9szetesen a hajra is vonatkozik. Hogy ebben az esetben melyek az \u00e9telek legfontosabb \u00f6sszetev\u0151i, azt a k\u00f6vetkez\u0151 bekezd\u00e9sekben r\u00e9szletesebben le\u00edrjuk, de ne feledje, hogy az \u00e9trend megv\u00e1ltoztat\u00e1sa, mindannak megsz\u00fcntet\u00e9se, ami eg\u00e9szs\u00e9gtelen, s\u0151t a h\u00fasr\u00f3l val\u00f3 lemond\u00e1s \u00e9s a vegetarianizmusra vagy veganizmusra val\u00f3 \u00e1tt\u00e9r\u00e9s szinte azonnal \u00e9s rendk\u00edv\u00fcl pozit\u00edvan \u00e9rezhet\u0151. Term\u00e9szetesen fontos, hogy ne ess\u00fcnk t\u00falz\u00e1sokba a di\u00e9t\u00e1val, \u00e9s tartsuk be az aj\u00e1nlott napi kal\u00f3riabevitelt, de az \u00e9l\u00e9nk\u00edt\u0151szereknek \u00e9s k\u00fcl\u00f6n\u00f6sen az alkoholnak el kell t\u0171nnie az \u00e9tlapr\u00f3l;<\/li><li>olyan<strong>betegs\u00e9gek<\/strong>, amelyek vagy hajhull\u00e1shoz vezetnek, vagy a hajhull\u00e1s jellegzetes t\u00fcnete. El\u0151sz\u00f6r is itt vannak a pajzsmirigyet \u00e9rint\u0151 betegs\u00e9gek, a pajzsmirigy t\u00fal- vagy alulm\u0171k\u00f6d\u00e9s. Az el\u0151bbi a betegs\u00e9g egyik legnehezebben kezelhet\u0151 form\u00e1j\u00e1nak, az alopecia areat\u00e1nak gyakori oka, m\u00edg a pajzsmirigy alulm\u0171k\u00f6d\u00e9s a haj szerkezet\u00e9nek zavarai\u00e9rt, t\u00f6r\u00e9kenys\u00e9g\u00e9\u00e9rt \u00e9s t\u00falzott t\u00f6r\u00e9kenys\u00e9g\u00e9\u00e9rt felel\u0151s. Ez\u00e9rt, ha pajzsmirigyprobl\u00e9m\u00e1kt\u00f3l szenved, az els\u0151 l\u00e9p\u00e9seket megfelel\u0151 szakemberhez kell ir\u00e1ny\u00edtani, ami term\u00e9szetesen nem z\u00e1rja ki az Hair Care Panda egyidej\u0171 alkalmaz\u00e1s\u00e1t. A gy\u00f3gyszeres kezel\u00e9s sor\u00e1n hat\u00e9konyan seg\u00edt meger\u0151s\u00edteni a betegs\u00e9g \u00e1ltal legyeng\u00fclt hajat, k\u00f6sz\u00f6nhet\u0151en az \u00e9rt\u00e9kes t\u00e1panyagokkal teli egyed\u00fcl\u00e1ll\u00f3 \u00f6sszet\u00e9tel\u00e9nek. A fejb\u0151r betegs\u00e9gei, bele\u00e9rtve a k\u00fcl\u00f6nb\u00f6z\u0151 t\u00edpus\u00fa gomb\u00e1s fert\u0151z\u00e9seket, szint\u00e9n felel\u0151sek a haj \u00e1llapot\u00e1nak gyeng\u00fcl\u00e9s\u00e9\u00e9rt;<\/li><li><strong>stressz<\/strong>, azaz b\u00e1rmilyen negat\u00edv esem\u00e9nyre adott v\u00e1laszk\u00e9nt fell\u00e9p\u0151 hirtelen idegfesz\u00fclts\u00e9gi \u00e1llapot, amelyhez vezethet. L\u00e1ssuk be, ez egy rendk\u00edv\u00fcl vesz\u00e9lyes betegs\u00e9g, amely civiliz\u00e1ci\u00f3nk nagy r\u00e9sz\u00e9t s\u00fajtja, \u00e9s amelyet n\u00e9ha nagyon neh\u00e9z elker\u00fclni. Nagyon negat\u00edv hat\u00e1sai vannak, az idegess\u00e9gt\u0151l kezdve az ingerl\u00e9kenys\u00e9gen \u00e1t az \u00e1lmatlans\u00e1gig, ami viszont az egyik ok, ami ak\u00e1r s\u00falyos depresszi\u00f3hoz is vezethet, \u00e9s sok f\u00e9rfin\u00e1l a potencia probl\u00e9m\u00e1i is jelentkeznek. A stressz szint\u00e9n negat\u00edv hat\u00e1ssal van a hajra, \u00e9s a szakemberek, p\u00e9ld\u00e1ul a trichol\u00f3gusok a gyorsan terjed\u0151 kopaszod\u00e1s egyik f\u0151 ok\u00e1nak tartj\u00e1k;<\/li><li><strong>hormon\u00e1lis rendelleness\u00e9gek<\/strong>, mind n\u0151kn\u00e9l, mind f\u00e9rfiakn\u00e1l, akik \u00e9let\u00fck egy bizonyos szakasz\u00e1ban a menopauza \u00e9s az andropauza jelens\u00e9geit tapasztalj\u00e1k. Az ut\u00f3bbiak eset\u00e9ben a probl\u00e9ma els\u0151sorban a szekret\u00e1lt tesztoszteron, egy rendk\u00edv\u00fcl fontos hormon mennyis\u00e9g\u00e9vel \u00e9s min\u0151s\u00e9g\u00e9vel kapcsolatos zavarokban rejlik. Bizonyos k\u00f6r\u00fclm\u00e9nyek k\u00f6z\u00f6tt \u00e1talakulhat DHT, egy &#8222;anti-hormonn\u00e1&#8221;, a dihidrotesztoszteron nev\u0171 dihidrotesztoszteronn\u00e1, amely kezdetben a sz\u0151rt\u00fcsz\u0151k megzavar\u00e1s\u00e1t okozza, \u00e9s id\u0151vel visszaford\u00edthatatlan pusztul\u00e1sukhoz vezet. \u00d3vatosnak kell lenn\u00fcnk a szedett hormon\u00e1lis gy\u00f3gyszerekkel is, amelyek alkalmaz\u00e1s\u00e1r\u00f3l mindig konzult\u00e1ljunk orvossal, \u00e9s ne ismeretlen eredet\u0171 k\u00e9sz\u00edtm\u00e9nyeket v\u00e1s\u00e1roljunk az internetr\u0151l.<\/li><\/ul>\n\n\n\n<h2 class=\"wp-block-heading\">Hair Care Panda &#8211; a t\u00e1panyagok fontoss\u00e1ga hajunk eg\u00e9szs\u00e9g\u00e9hez<\/h2>\n\n\n\n<div class=\"wp-block-image\"><figure class=\"alignright is-resized\"><figure id=\"attachment_2332\" class=\"alignnone width-full\" style=\"width: 302px;\"><a href=\"\/go-haircarepanda\"><img loading=\"lazy\" decoding=\"async\" data-caption=\"\" src=\"https:\/\/consumers-views.com\/hu\/wp-content\/uploads\/2021\/08\/haircarepanda2.jpg\" alt=\" Hair Care Panda\" class=\"wp-image-2332\" width=\"302\" height=\"325\" title=\"\"><\/a><\/figure><\/figure><\/div>\n\n\n\n<p>Sokf\u00e9le m\u00f3don lehet helyre\u00e1ll\u00edtani a haj eg\u00e9szs\u00e9g\u00e9t \u00e9s vitalit\u00e1s\u00e1t, de minket csak azok \u00e9rdekelnek, amelyek term\u00e9szetesek, \u00f6sszeegyeztethet\u0151ek a term\u00e9szettel, \u00e9s <strong>nem zavarj\u00e1k<\/strong> a szervezetben zajl\u00f3 <strong>folyamatokat<\/strong>. Meg lehet r\u00f6vid\u00edteni \u00e9s meg\u00e1ll\u00edtani a hajhull\u00e1st olyan er\u0151s gy\u00f3gyszerekkel, mint <strong>az minoxidil <\/strong>vagy a <strong>finaszterid<\/strong> <strong>. <\/strong>Miel\u0151tt azonban ezt megtenn\u00e9nk, meg kell k\u00e9rdezn\u00fcnk magunkt\u00f3l <strong>, hogy<\/strong> ez <strong>hogyan<\/strong> hat majd az \u00e1ltal\u00e1nos eg\u00e9szs\u00e9g\u00fcnkre. A negat\u00edv <strong>mell\u00e9khat\u00e1sokat<\/strong> nem lehet elker\u00fclni, \u00e9s b\u00e1r meg\u00e1ll\u00edtjuk a hajhull\u00e1st, ugyanakkor <strong>m\u00e1s<\/strong>, sokkal kellemetlenebb probl\u00e9m\u00e1kat is <strong>kapunk<\/strong>. Az <strong>\u00f6kol\u00f3giai norm\u00e1kat \u00e9s elveket<\/strong> is tiszteletben kell tartanunk, m\u00e9g akkor is, ha a term\u00e9szeti k\u00f6rnyezet \u00e1llapot\u00e1t n\u00e9zz\u00fck, \u00e9s a kompoz\u00edci\u00f3t ezek teljes betart\u00e1s\u00e1val hozt\u00e1k l\u00e9tre. <strong><a href=\"\/go-haircarepanda\">Hair Care Panda<\/a> <\/strong>. Alkot\u00f3i felismert\u00e9k, hogy a haj sz\u00e1m\u00e1ra a legfontosabbak a term\u00e9szetes \u00e9s k\u00f6nnyen felsz\u00edv\u00f3d\u00f3 \u00f6sszetev\u0151k, vitaminok \u00e9s \u00e1sv\u00e1nyi anyagok, amelyeket egy egyed\u00fcl\u00e1ll\u00f3 \u00e9s szabadalmaztatott formul\u00e1ban, a <strong>VEGAN SUPER Biotin Complex\u2122-ben<\/strong> egyes\u00edtettek. A szervezetbe <strong>megfelel\u0151 d\u00f3zisban<\/strong> juttatva a haj gyeng\u00fcl\u00e9s\u00e9nek <strong>minden ok\u00e1val<\/strong> megbirk\u00f3znak, \u00e9s nekik k\u00f6sz\u00f6nhet\u0151en a haj olyan er\u0151s lesz, mint m\u00e9g soha. Ez\u00e9rt ennek a modern kieg\u00e9sz\u00edt\u00e9snek az \u00f6sszet\u00e9tele olyan anyagokat tartalmaz, mint:<\/p>\n\n\n\n<h3 class=\"wp-block-heading\">1 A-vitamin<\/h3>\n\n\n\n<p>Az A-vitamin elengedhetetlen\u00fcl fontos szervezet\u00fcnk megfelel\u0151 m\u0171k\u00f6d\u00e9s\u00e9hez, ez\u00e9rt az Hair Care Panda-nek tartalmaznia kellett. R\u00e9g\u00f3ta haszn\u00e1lj\u00e1k a kozmetikumokban \u00e9s a gy\u00f3gy\u00e1szatban, \u00e9s m\u00e1s n\u00e9ven <strong>retinol, provitamin A<\/strong> vagy <strong>b\u00e9ta-karotin<\/strong> n\u00e9ven is ismert. Az A-vitamin zs\u00edrban old\u00f3d\u00f3 vegy\u00fclet, \u00e9s az emberi szervezetben a zs\u00edrsz\u00f6vetben \u00e9s a m\u00e1jban, az egyik legfontosabb bels\u0151 szervben halmoz\u00f3dik fel. Hat\u00e1s\u00e1t nyugodtan <strong>nevezhetj\u00fck \u00f6sszetettnek<\/strong>, hiszen <strong>nemcsak a hajra<\/strong>, hanem sz\u00e1mos m\u00e1s folyamatra is jelent\u0151s hat\u00e1ssal van, \u00e9s <strong>a legfontosabb funkci\u00f3i<\/strong> a k\u00f6vetkez\u0151k<\/p>\n\n\n\n<ul class=\"wp-block-list\"><li>a fontos sz\u00f6vetek, mindenekel\u0151tt a csontok \u00e9s a h\u00e1msz\u00f6vetek fejl\u0151d\u00e9s\u00e9nek kondicion\u00e1l\u00e1sa;<\/li><li>gondoskodik a m\u00e9hlep\u00e9ny helyes \u00e9s zavartalan fejl\u0151d\u00e9s\u00e9r\u0151l, amely felel\u0151s az embri\u00f3 tov\u00e1bbi n\u00f6veked\u00e9s\u00e9\u00e9rt;<\/li><li>felel\u0151s a l\u00e1t\u00e1si folyamatok\u00e9rt, mivel megakad\u00e1lyozza a &#8222;ty\u00fakszemvaks\u00e1g&#8221; kialakul\u00e1s\u00e1t, amely betegs\u00e9g s\u00f6t\u00e9ted\u00e9s ut\u00e1n rontja l\u00e1t\u00e1sunkat;<\/li><li>antioxid\u00e1ns aktivit\u00e1s, amelynek k\u00f6sz\u00f6nhet\u0151en megszabadulunk a szabad gy\u00f6k\u00f6kt\u0151l, amelyek ak\u00e1r \u00e9letvesz\u00e9lyes r\u00e1kos megbeteged\u00e9sek kialakul\u00e1s\u00e1nak okoz\u00f3iv\u00e1 v\u00e1lhatnak. Nemcsak b\u0151rr\u00e1kr\u00f3l van sz\u00f3, hanem mellr\u00e1kr\u00f3l, prosztatar\u00e1kr\u00f3l, vastagb\u00e9lr\u00e1kr\u00f3l \u00e9s t\u00fcd\u0151r\u00e1kr\u00f3l is;<\/li><li>R\u00e9szt vesz a sebgy\u00f3gyul\u00e1s \u00e9s a s\u00e9r\u00fclt b\u0151r regener\u00e1l\u00f3d\u00e1s\u00e1nak folyamat\u00e1ban, ami nem n\u00e9lk\u00fcl\u00f6zi a hajra gyakorolt jelent\u0151s hat\u00e1st, amely \u00edgy megfelel\u0151 alapot kap a n\u00f6veked\u00e9shez. Hat\u00e9kony a pattan\u00e1sok kezel\u00e9s\u00e9ben is, gyakorlatilag minden st\u00e1diumban, f\u00fcggetlen\u00fcl a betegs\u00e9get okoz\u00f3 okokt\u00f3l, helyre\u00e1ll\u00edtja a b\u0151r simas\u00e1g\u00e1t, rugalmass\u00e1g\u00e1t \u00e9s megfelel\u0151 hidrat\u00e1lts\u00e1gi szintj\u00e9t;<\/li><li>a szervezet legyeng\u00fclt term\u00e9szetes immunit\u00e1s\u00e1nak er\u0151s\u00edt\u00e9se.<\/li><\/ul>\n\n\n\n<h3 class=\"wp-block-heading\">E-vitamin<\/h3>\n\n\n\n<p>Az Hair Care Panda m\u00e1sik \u00f6sszetev\u0151je egy rendk\u00edv\u00fcl er\u0151s \u00e9s hat\u00e9kony antioxid\u00e1ns, amely k\u00e9ts\u00e9gtelen\u00fcl az E-vitamin. Ha inform\u00e1ci\u00f3t keres\u00fcnk r\u00f3la, egy eredetibb elnevez\u00e9ssel tal\u00e1lkozhatunk, hiszen <strong>&#8222;ifj\u00fas\u00e1gi vitamink\u00e9nt<\/strong>&#8221; emlegetik. A szak\u00e9rt\u0151k szerint, nemcsak az orvostudom\u00e1ny, hanem a kozmetika vil\u00e1g\u00e1b\u00f3l is, ez teljesen indokolt, k\u00fcl\u00f6n\u00f6sen, ha figyelembe vessz\u00fck a <strong>b\u0151r eg\u00e9szs\u00e9g\u00e9re gyakorolt hat\u00e1s\u00e1t<\/strong>. Mivel, mint eml\u00edtett\u00fck, ez az er\u0151s haj alapja, az E-vitaminnak k\u00f6sz\u00f6nhet\u0151en megfelel\u0151en <strong>t\u00e1pl\u00e1lt, hidrat\u00e1lt <\/strong>\u00e9s <strong>zs\u00edros\u00edtott<\/strong>. Szinte minden term\u00e9szetes folyamat, amely az \u00f6reged\u00e9shez vezet, k\u00e9sleltetve van, \u00e9s antioxid\u00e1ns tulajdons\u00e1gai megv\u00e9dik a szabad gy\u00f6k\u00f6k <strong>puszt\u00edt\u00f3 hat\u00e1s\u00e1t\u00f3l<\/strong>. Az E-vitamin az A-vitaminhoz hasonl\u00f3an szint\u00e9n zs\u00edrban old\u00f3dik, azzal a k\u00fcl\u00f6nbs\u00e9ggel, hogy els\u0151sorban a mell\u00e9kves\u00e9kben rakt\u00e1roz\u00f3dik. \u00c9rdekes, hogy sok m\u00e1s vitaminnal ellent\u00e9tben gyakorlatilag lehetetlen t\u00faladagolni, ami persze nem jelenti azt, hogy megteheted, \u00e9s aj\u00e1nlott szigor\u00faan betartani a <strong>kijel\u00f6lt napi adagokat<\/strong>. Sokkal k\u00e1rosabb <strong>a hi\u00e1nya<\/strong>, amely t\u00f6bbek k\u00f6z\u00f6tt a k\u00f6vetkez\u0151kben nyilv\u00e1nul meg:<\/p>\n\n\n\n<ul class=\"wp-block-list\"><li>a haj gyeng\u00fcl\u00e9se \u00e9s elveszt\u00e9se;<\/li><li>k\u00fcl\u00f6nb\u00f6z\u0151 b\u0151rbetegs\u00e9gek, nemcsak pattan\u00e1sok, hanem irrit\u00e1ci\u00f3k \u00e9s f\u00e1jdalmas gyullad\u00e1sok is;<\/li><li>v\u00e9rszeg\u00e9nys\u00e9g.<\/li><\/ul>\n\n\n\n<p>Az E-vitamin, amely szint\u00e9n szerepel a <strong><a href=\"\/go-haircarepanda\">Hair Care Panda<\/a> <\/strong>A formul\u00e1ban szint\u00e9n megtal\u00e1lhat\u00f3 E-vitamin elengedhetetlen a sima, f\u00e9nyes, <strong>t\u00f6redezett<\/strong> hajhoz. A fejb\u0151rre gyakorolt j\u00f3t\u00e9kony hat\u00e1s, annak jobb v\u00e9rell\u00e1t\u00e1sa viszont <strong>gyorsabb\u00e1<\/strong>, sokkal vastagabb\u00e1 \u00e9s er\u0151sebb\u00e9 teszi azt, mint a kezel\u00e9s el\u0151tt ezekkel a kedves pandamaci form\u00e1j\u00fa vitaminos zsel\u00e9kkel.<\/p>\n\n\n\n<h3 class=\"wp-block-heading\">3 B3-vitamin (niacin)<\/h3>\n\n\n\n<p>M\u00e1s n\u00e9ven PP-vitamin, egy m\u00e1sik \u00f6sszetev\u0151, amely k\u00f6zvetlen\u00fcl meghat\u00e1rozza a b\u0151r, a haj, s\u0151t a k\u00f6rm\u00f6k <strong>eg\u00e9szs\u00e9g\u00e9t \u00e9s megjelen\u00e9s\u00e9t <\/strong>. A szervezetben term\u00e9szetes szint\u00e9zisfolyamatok eredm\u00e9nyek\u00e9nt k\u00e9pz\u0151dik, azonban \u00e1ltal\u00e1ban nem elegend\u0151 mennyis\u00e9gben, ez\u00e9rt <strong>k\u00fcls\u0151 forr\u00e1sb\u00f3l<\/strong> kell p\u00f3tolni. F\u0151 feladata az <strong>anyagcsere-folyamatok szab\u00e1lyoz\u00e1sa<\/strong>, bele\u00e9rtve azokat is, amelyek k\u00f6zvetlen\u00fcl a zs\u00edrsz\u00f6vet hat\u00e9kony el\u00e9get\u00e9s\u00e9hez vezetnek. Ennek a vitaminnak a hi\u00e1nya els\u0151sorban a b\u0151r\u00f6n jelentkezik, amely azonnal <strong>kisz\u00e1rad <\/strong>, \u00e9s hajlamos az <strong>irrit\u00e1ci\u00f3ra, fert\u0151z\u00e9sre <\/strong>\u00e9s <strong>gyullad\u00e1sra<\/strong>. Ha azonban megfelel\u0151, aj\u00e1nlott napi 14-16 mg-os d\u00f3zisban biztos\u00edtjuk, akkor er\u0151s \u00e9s nehezen t\u00f6nkretehet\u0151 hajszerkezetre sz\u00e1m\u00edthatunk, amely ellen\u00e1ll minden kedvez\u0151tlen <strong>k\u00fcls\u0151 t\u00e9nyez\u0151nek<\/strong>. Visszanyeri term\u00e9szetes sz\u00edn\u00e9t \u00e9s f\u00e9ny\u00e9t, <strong>meger\u0151s\u00f6d\u00f6tt \u00e9s j\u00f3l t\u00e1pl\u00e1lt<\/strong> hajhagym\u00e1b\u00f3l n\u0151 ki.<\/p>\n\n\n\n<h3 class=\"wp-block-heading\">B5-vitamin (pantot\u00e9nsav)<\/h3>\n\n\n\n<p>V\u00edzben old\u00f3d\u00f3 vitamin, amely r\u00e9szt vesz a hormonok, p\u00e9ld\u00e1ul a tesztoszteron \u00e9s a kortizol szint\u00e9zis\u00e9ben. R\u00e9szt vesz a <strong>haj \u00e9p\u00edt\u0151anyagainak<\/strong> szint\u00e9zis\u00e9ben is, k\u00fcl\u00f6n\u00f6sen a <strong>keratinban <\/strong>, amely a haj er\u0151s \u00e9s s\u00e9r\u00fcl\u00e9s\u00e1ll\u00f3 sz\u00e1r\u00e1t alkotja. Hat\u00e9konyan v\u00e9di a szervezetet a vesz\u00e9lyes <strong>bakt\u00e9riumok \u00e9s v\u00edrusok<\/strong> ellen, cs\u00f6kkenti a v\u00e9r koleszterin LDL szintj\u00e9t, gyors\u00edtja a sebek gy\u00f3gyul\u00e1s\u00e1t, megakad\u00e1lyozza a <strong>b\u0151r \u00f6reged\u00e9si<\/strong> folyamatait, \u00e9s akt\u00edvan r\u00e9szt vesz a s\u00e9r\u00fclt h\u00e1m regener\u00e1ci\u00f3j\u00e1ban. Fontos a haj n\u00f6veked\u00e9s\u00e9hez is, amely a B5-vitaminnak k\u00f6sz\u00f6nhet\u0151en sokkal tov\u00e1bb meg\u0151rzi <strong>term\u00e9szetes sz\u00edn\u00e9t, \u00e9s nem \u0151sz\u00fcl meg.<\/strong> Emellett j\u00f3t\u00e9kony hat\u00e1ssal van izmainkra \u00e9s \u00edz\u00fcleteinkre, er\u0151s\u00edti az immunit\u00e1st, szab\u00e1lyozza az em\u00e9szt\u00e9si folyamatokat, megel\u0151zve p\u00e9ld\u00e1ul az em\u00e9szt\u00e9si zavarokat, \u00e9s seg\u00edt az alv\u00e1szavarok eset\u00e9n is.<\/p>\n\n\n\n<p class=\"has-text-align-center has-very-light-gray-color has-luminous-vivid-orange-background-color has-text-color has-background\" style=\"font-size:24px\"><strong><a href=\"\/go-haircarepanda\" target=\"_blank\" aria-label=\"ZAM\u00d3W HAIR CARE PANDA TERAZ (opens in a new tab)\" rel=\"noreferrer noopener nofollow\">RENDEL\u00c9S HAJ\u00c1POL\u00c1S PANDA MOST<\/a> <\/strong><\/p>\n\n\n\n<h3 class=\"wp-block-heading\">5. B6-vitamin (piridoxin)<\/h3>\n\n\n\n<p>A B-csoport k\u00f6vetkez\u0151 vitaminja sokf\u00e9le hat\u00e1ssal rendelkezik, mivel sz\u00e1mos folyamat\u00e9rt felel\u0151s a szervezetben. Ezek k\u00f6z\u00fcl a legfontosabbak azok, amelyek az idegrendszer m\u0171k\u00f6d\u00e9s\u00e9\u00e9rt, a sz\u00edvizom munk\u00e1j\u00e1\u00e9rt \u00e9s sz\u00e1mos <strong>fontos hormon<\/strong> termel\u00e9s\u00e9\u00e9rt felel\u0151sek. R\u00e9szt vesz a <strong>hemoglobin <\/strong>\u00e9s a <strong>feh\u00e9rj\u00e9k <\/strong>szint\u00e9zis\u00e9ben is, \u00edgy seg\u00edt a k\u00fcl\u00f6nb\u00f6z\u0151 betegs\u00e9gek, az \u00e9relmeszesed\u00e9s, a veseel\u00e9gtelens\u00e9g vagy az ugyancsak vesz\u00e9lyes v\u00e9rszeg\u00e9nys\u00e9g kezel\u00e9s\u00e9ben. N\u00e9lk\u00fcle nem lenne lehets\u00e9ges a zs\u00edrok \u00e9s sz\u00e9nhidr\u00e1tok metaboliz\u00e1l\u00e1sa, ami nagy adag energi\u00e1t biztos\u00edt sz\u00e1munkra, ami a mindennapi tev\u00e9kenys\u00e9g minden form\u00e1j\u00e1hoz sz\u00fcks\u00e9ges. Az ebbe a csoportba tartoz\u00f3 t\u00f6bbi vitaminhoz hasonl\u00f3an a legkisebb hi\u00e1ny is l\u00e1that\u00f3 az <strong>allergi\u00e1ra hajlamos<\/strong>, sz\u00fcrke b\u0151r \u00e9s a gyenge <strong>haj kihull\u00e1sa<\/strong> form\u00e1j\u00e1ban. Ez\u00e9rt \u00e9rdemes rendszeresen biztos\u00edtani, \u00e9s gyorsan \u00e9rezni fogjuk a <strong>pozit\u00edv hat\u00e1sokat<\/strong>, mint p\u00e9ld\u00e1ul<\/p>\n\n\n\n<ul class=\"wp-block-list\"><li>a t\u00falzott faggy\u00fatermel\u00e9s g\u00e1tl\u00e1sa, amely nemcsak a pattan\u00e1sok\u00e9rt felel\u0151s, hanem a t\u00falzott faggy\u00fakiv\u00e1laszt\u00e1s \u00e1ltal okozott seborrhoe\u00e1s alopeci\u00e1\u00e9rt is, amely negat\u00edv hat\u00e1ssal van a hajhagym\u00e1kra \u00e9s a hajhagym\u00e1kra;<\/li><li>teljes \u00e9s ami a legfontosabb, rendk\u00edv\u00fcl hat\u00e9kony v\u00e9delmet ny\u00fajt a hajnak gyakorlatilag minden k\u00fcls\u0151 t\u00e9nyez\u0151 ellen. A B6-vitamin megv\u00e9di \u0151ket a magas p\u00e1ratartalomt\u00f3l, az UV-sug\u00e1rz\u00e1st\u00f3l \u00e9s a hirtelen h\u0151m\u00e9rs\u00e9kletv\u00e1ltoz\u00e1sokt\u00f3l;<\/li><li>ugyanolyan szint\u0171 v\u00e9delmet ny\u00fajt a fejb\u0151r sz\u00e1m\u00e1ra, k\u00fcl\u00f6n\u00f6sen a m\u00e1r eml\u00edtett sz\u00e1razs\u00e1g ellen, amely a korp\u00e1sod\u00e1s oka. A piridoxin hat\u00e9konyan t\u00e1mogatja a gyullad\u00e1sos \u00e1llapotok kezel\u00e9s\u00e9t is;<\/li><li>a term\u00e9szetes hajsz\u00edn nem vesz\u00edt, s\u0151t, az Hair Care Panda lehet\u0151v\u00e9 teszi annak meger\u0151s\u00edt\u00e9s\u00e9t \u00e9s kiemel\u00e9s\u00e9t;<\/li><li>biztos\u00edtja a sz\u0151rt\u00fcsz\u0151k megfelel\u0151 m\u0171k\u00f6d\u00e9s\u00e9hez sz\u00fcks\u00e9ges energi\u00e1t, \u00e9s ez\u00e1ltal az \u00faj hajsz\u00e1lak gyors n\u00f6veked\u00e9s\u00e9hez is.<\/li><\/ul>\n\n\n\n<h3 class=\"wp-block-heading\">6 B12-vitamin (kobalamin)<\/h3>\n\n\n\n<p>A B-vitaminok k\u00f6z\u00fcl az utols\u00f3nak rendk\u00edv\u00fcl \u00f6sszetett funkci\u00f3ja van az emberi szervezetben, t\u00f6bbek k\u00f6z\u00f6tt sz\u00e1mos <strong>feh\u00e9rje<\/strong> \u00e9s <strong>nukleinsav<\/strong> szint\u00e9zis\u00e9ben vesz r\u00e9szt. Egy\u00e9b feladatai k\u00f6z\u00e9 tartozik a <strong>v\u00f6r\u00f6sv\u00e9rsejtek el\u0151\u00e1ll\u00edt\u00e1sa<\/strong>, a v\u00e9r koleszterinszintj\u00e9nek cs\u00f6kkent\u00e9se, a sz\u00edv- \u00e9s \u00e9rrendszeri betegs\u00e9gek, p\u00e9ld\u00e1ul az \u00e9relmeszesed\u00e9s \u00e9s a hepatitis megel\u0151z\u00e9se. Emellett biztos\u00edtja az idegrendszer\u00fcnk megfelel\u0151 m\u0171k\u00f6d\u00e9s\u00e9t, \u00edgy \u00f6regkorunkig teljes m\u00e9rt\u00e9kben m\u0171k\u00f6d\u0151k\u00e9pesek maradunk, \u00e9s ezzel minim\u00e1lisra cs\u00f6kkenti a Alzheimera betegs\u00e9gek kock\u00e1zat\u00e1t. Az B12-vitamin hi\u00e1nya <strong>v\u00e9rszeg\u00e9nys\u00e9get<\/strong> okoz, a fej b\u0151r\u00e9nek rossz v\u00e9rell\u00e1t\u00e1sa automatikusan hajhull\u00e1si probl\u00e9m\u00e1kat, s\u0151t, a haj <strong>sz\u00edn\u00e9nek megv\u00e1ltoz\u00e1s\u00e1t<\/strong>, jelent\u0151s kifeh\u00e9red\u00e9s\u00e9t is jelenti. A megfelel\u0151 adagokban alkalmazva viszont sz\u00e1m\u00edthatunk arra, hogy <strong>ez a folyamat<\/strong> teljesen <strong>meg\u00e1ll<\/strong>, \u00e9s a hajunk gy\u00f6ny\u00f6r\u0171 f\u00e9nyess\u00e9ggel, puhas\u00e1ggal \u00e9s a t\u00f6redezett hajv\u00e9gek hi\u00e1ny\u00e1val h\u00e1l\u00e1lja meg.<\/p>\n\n\n\n<h3 class=\"wp-block-heading\">7 Cink \u00e9s szel\u00e9n<\/h3>\n\n\n\n<p>Ahhoz, hogy hajunk \u00e9s fejb\u0151r\u00fcnk eg\u00e9szs\u00e9ges maradjon, a megfelel\u0151 \u00e1sv\u00e1nyi anyagokra is sz\u00fcks\u00e9g\u00fcnk van. Nyugodtan kijelenthetj\u00fck, hogy a cink <strong>n\u00e9lk\u00fcl\u00f6zhetetlen az \u00e9lethez<\/strong>. Mintegy <strong>200, az eg\u00e9szs\u00e9g szempontj\u00e1b\u00f3l fontos enzim<\/strong> tartalmazza, \u00e9s a haj, a b\u0151r \u00e9s a k\u00f6r\u00f6m szempontj\u00e1b\u00f3l sem lehet al\u00e1becs\u00fclni a jelent\u0151s\u00e9g\u00e9t. R\u00e9szt vesz az <strong>aminosav-anyagcser\u00e9ben <\/strong>\u00e9s a <strong>keratinszint\u00e9zisben<\/strong>, mindkett\u0151 a <strong>haj<\/strong> fontos <strong>\u00e9p\u00edt\u0151anyaga<\/strong>. Ezenk\u00edv\u00fcl lehet\u0151v\u00e9 teszi a <strong>faggy\u00fakiv\u00e1laszt\u00e1s<\/strong> mennyis\u00e9g\u00e9nek teljes ellen\u0151rz\u00e9s\u00e9t. Az Hair Care Panda megfelel\u0151 d\u00f3zis\u00fa szel\u00e9nt is biztos\u00edt sz\u00e1munkra, amely viszont <strong>antioxid\u00e1ns tulajdons\u00e1gainak<\/strong> k\u00f6sz\u00f6nhet\u0151en seg\u00edt megszabadulni a szabad gy\u00f6k\u00f6kt\u0151l. A szabad gy\u00f6k\u00f6ket ism\u00e9t megeml\u00edtj\u00fck, mert ezek az egyik legkomolyabb vesz\u00e9lyt jelentik, amelyet nem szabad al\u00e1becs\u00fclni. A szel\u00e9n j\u00f3t\u00e9kony hat\u00e1ssal van a kering\u00e9si rendszer m\u0171k\u00f6d\u00e9s\u00e9re, seg\u00edt elt\u00e1vol\u00edtani a m\u00e9reganyagokat a szervezetb\u0151l, \u00e9s megakad\u00e1lyozza a <strong>haj \u00e9s a k\u00f6r\u00f6m<\/strong> t\u00f6r\u00e9kenny\u00e9 v\u00e1l\u00e1s\u00e1t. \u00dcgyelj\u00fcnk arra, hogy hi\u00e1ny\u00e1t rendszeresen p\u00f3toljuk, mert <strong>pajzsmirigyprobl\u00e9m\u00e1kat<\/strong>, fokozott idegess\u00e9get \u00e9s m\u00e1s, hasonl\u00f3an kellemetlen betegs\u00e9geket okozhat.<\/p>\n\n\n\n<h2 class=\"wp-block-heading\">Hair Care Panda &#8211; komplex megold\u00e1s a hajhull\u00e1s \u00e9s a meggyeng\u00fclt haj probl\u00e9m\u00e1j\u00e1ra<\/h2>\n\n\n\n<p>A kompoz\u00edci\u00f3t vizsg\u00e1lva <strong><a href=\"\/go-haircarepanda\">Hair Care Panda<\/a> <\/strong>egy k\u00f6vetkeztet\u00e9sre juthatunk, hogy ez egy olyan kieg\u00e9sz\u00edt\u0151, amely <strong>\u00e1tfog\u00f3 megold\u00e1st<\/strong> k\u00edn\u00e1l minden hajprobl\u00e9m\u00e1ra, nem csak a hajhull\u00e1sra. Rendk\u00edv\u00fcl fontos, a v\u00e9lem\u00e9nyekben gyakran hangs\u00falyozott szempont az <strong>\u00e1llati eredet\u0171<\/strong> \u00f6sszetev\u0151k <strong>teljes<\/strong> hi\u00e1nya, aminek k\u00f6sz\u00f6nhet\u0151en a zsel\u00e9 <strong>100%-ban veg\u00e1nbar\u00e1t<\/strong> term\u00e9k. A form\u00e1juk is leny\u0171g\u00f6z\u0151, elt\u00e9r a leggyakrabban \u00e1rult tablett\u00e1kt\u00f3l, amelyekb\u0151l \u0151szint\u00e9n sz\u00f3lva val\u00f3sz\u00edn\u0171leg mindenkinek elege van az eg\u00e9szs\u00e9ges, gy\u00fcm\u00f6lcs\u00edz\u0171 g\u00e9lmedv\u00e9k jav\u00e1ra. A hat\u00e9kony testp\u00f3tl\u00e1snak ez a m\u00f3dszere azonnal nagy elismer\u00e9st szerzett a betegek k\u00f6r\u00e9ben vil\u00e1gszerte, ami ennek, nem pedig b\u00e1rmely m\u00e1s kieg\u00e9sz\u00edt\u0151nek a n\u00e9pszer\u0171s\u00e9g\u00e9t eredm\u00e9nyezte. \u00d6sszefoglalva, haszn\u00e1lat\u00e1t term\u00e9szetes \u00f6sszet\u00e9tele \u00f6szt\u00f6nzi, <strong>mesters\u00e9ges anyagok n\u00e9lk\u00fcl <\/strong>, amelyek zavar\u00f3 \u00e9s n\u00e9ha vesz\u00e9lyes <strong>mell\u00e9khat\u00e1sokat<\/strong> okozhatnak. Nincsenek, \u00edgy az Hair Care Panda-et kock\u00e1zat n\u00e9lk\u00fcl haszn\u00e1lhatja, \u00e9s az aj\u00e1nlott adagol\u00e1s <strong>napi k\u00e9t g\u00e9lkapszula<\/strong>, k\u00f6zvetlen\u00fcl \u00e9tkez\u00e9s ut\u00e1n bev\u00e9ve. Minden hajt\u00edpusra alkalmasak, <strong>allerg\u00e9n-, glut\u00e9n-, lakt\u00f3z-<\/strong> \u00e9s <strong>sz\u00f3jamentesek<\/strong>, valamint<strong> nyomokban<\/strong> nem tartalmaznak<strong> di\u00f3f\u00e9l\u00e9ket<\/strong>, amelyek s\u00falyos allergi\u00e1s reakci\u00f3kat okozhatnak <strong>.<\/strong> <\/p>\n\n\n\n<h2 class=\"wp-block-heading\">Hair Care Panda &#8211; vonz\u00f3 kollekt\u00edv csomagok<\/h2>\n\n\n\n<p>A zsel\u00e9k megv\u00e1s\u00e1rolhat\u00f3k a <strong><a href=\"\/go-haircarepanda\">a gy\u00e1rt\u00f3 honlapja<\/a> <\/strong>, ami garant\u00e1lja az eredeti \u00e9s teljes m\u00e9rt\u00e9kben hat\u00e9kony term\u00e9k gyors sz\u00e1ll\u00edt\u00e1s\u00e1t. Kedvez\u0151 \u00e1ron, h\u00e1rom csomagban kaphat\u00f3, amelyek a csomagok sz\u00e1m\u00e1ban k\u00fcl\u00f6nb\u00f6znek, \u00e9s egy csomag 60 finom mack\u00f3t tartalmaz, ami egy<strong> eg\u00e9sz h\u00f3napos kezel\u00e9sre<\/strong> elegend\u0151. <\/p>\n\n\n\n<div class=\"wp-block-image\"><figure class=\"aligncenter is-resized\"><figure id=\"attachment_2333\" class=\"alignnone width-full\" style=\"width: 375px;\"><a href=\"\/go-haircarepanda\"><img loading=\"lazy\" decoding=\"async\" data-caption=\"\" src=\"https:\/\/consumers-views.com\/hu\/wp-content\/uploads\/2021\/08\/hair-care-panda-travel-pack.jpg\" alt=\" Hair Care Panda\" class=\"wp-image-2333\" width=\"375\" height=\"375\" title=\"\"><\/a><\/figure><\/figure><\/div>\n\n\n\n<p class=\"has-text-align-center has-very-light-gray-color has-luminous-vivid-orange-background-color has-text-color has-background\" style=\"font-size:24px\"><strong><a href=\"\/go-haircarepanda\" target=\"_blank\" aria-label=\"ZAM\u00d3W HAIR CARE PANDA TERAZ (opens in a new tab)\" rel=\"noreferrer noopener nofollow\">RENDEL\u00c9S HAJ\u00c1POL\u00c1S PANDA MOST<\/a> <\/strong><\/p>\n","protected":false},"excerpt":{"rendered":"<p>Az elhanyagolt haj automatikusan negat\u00edv hat\u00e1ssal van a megjelen\u00e9s\u00fcnkre, \u00e9s vonz\u00f3nak \u00e9rezz\u00fck mag unkat, \u00e9s n\u00e9ha a k\u00f6rnyezet\u00fcnk is \u00edgy kezd minket \u00e9rz\u00e9kelni. Jobb teh\u00e1t elker\u00fclni az ilyen helyzeteket, mert ezek egyidej\u0171leg \u00e9s egyben negat\u00edvan hatnak a lelki j\u00f3l\u00e9t\u00fcnkre, ami alacsony, folyamatosan cs\u00f6kken\u0151 \u00f6nbecs\u00fcl\u00e9shez vezet. Egyszer\u0171en cs\u00fany\u00e1n \u00e9rezz\u00fck magunkat, nem akarunk kimenni otthonr\u00f3l, \u00e9s ez [&hellip;]<\/p>\n","protected":false},"author":1,"featured_media":1429,"comment_status":"open","ping_status":"open","sticky":false,"template":"","format":"standard","meta":{"footnotes":""},"categories":[12],"tags":[],"class_list":["post-1430","post","type-post","status-publish","format-standard","has-post-thumbnail","hentry","category-haj","box-post"],"_links":{"self":[{"href":"https:\/\/consumers-views.com\/hu\/wp-json\/wp\/v2\/posts\/1430","targetHints":{"allow":["GET"]}}],"collection":[{"href":"https:\/\/consumers-views.com\/hu\/wp-json\/wp\/v2\/posts"}],"about":[{"href":"https:\/\/consumers-views.com\/hu\/wp-json\/wp\/v2\/types\/post"}],"author":[{"embeddable":true,"href":"https:\/\/consumers-views.com\/hu\/wp-json\/wp\/v2\/users\/1"}],"replies":[{"embeddable":true,"href":"https:\/\/consumers-views.com\/hu\/wp-json\/wp\/v2\/comments?post=1430"}],"version-history":[{"count":2,"href":"https:\/\/consumers-views.com\/hu\/wp-json\/wp\/v2\/posts\/1430\/revisions"}],"predecessor-version":[{"id":71618,"href":"https:\/\/consumers-views.com\/hu\/wp-json\/wp\/v2\/posts\/1430\/revisions\/71618"}],"wp:featuredmedia":[{"embeddable":true,"href":"https:\/\/consumers-views.com\/hu\/wp-json\/wp\/v2\/media\/1429"}],"wp:attachment":[{"href":"https:\/\/consumers-views.com\/hu\/wp-json\/wp\/v2\/media?parent=1430"}],"wp:term":[{"taxonomy":"category","embeddable":true,"href":"https:\/\/consumers-views.com\/hu\/wp-json\/wp\/v2\/categories?post=1430"},{"taxonomy":"post_tag","embeddable":true,"href":"https:\/\/consumers-views.com\/hu\/wp-json\/wp\/v2\/tags?post=1430"}],"curies":[{"name":"wp","href":"https:\/\/api.w.org\/{rel}","templated":true}]}}